{"id":657,"date":"2017-01-23T11:09:52","date_gmt":"2017-01-23T10:09:52","guid":{"rendered":"http:\/\/lycee-paul-langevin.ac-reunion.fr\/?p=657"},"modified":"2017-01-23T11:09:52","modified_gmt":"2017-01-23T10:09:52","slug":"atelier-gestion-administration","status":"publish","type":"post","link":"https:\/\/etab.ac-reunion.fr\/lyc-paul-langevin\/atelier-gestion-administration\/","title":{"rendered":"Atelier Gestion Administration"},"content":{"rendered":"<table width=\"621\">\n<tbody>\n<tr>\n<td width=\"223\"><strong>Formations propos\u00e9es<\/strong><\/td>\n<td width=\"398\">BAC PRO G.A (<strong>G<\/strong>estion <strong>A<\/strong>dministration)<\/td>\n<\/tr>\n<tr>\n<td width=\"223\"><strong>Dur\u00e9e<\/strong><\/td>\n<td width=\"398\">3 ans<\/td>\n<\/tr>\n<tr>\n<td width=\"223\"><strong>Descriptif<\/strong><\/td>\n<td width=\"398\">Qualification gestionnaire administratif dans tous types d\u2019entreprises et .associations.<\/td>\n<\/tr>\n<tr>\n<td width=\"223\"><strong>Capacit\u00e9 d\u2019accueil du lyc\u00e9e<\/strong><\/td>\n<td width=\"398\">64 \u00e9l\u00e8ves<\/td>\n<\/tr>\n<tr>\n<td width=\"223\"><strong>P\u00e9riode de Formation en milieu professionnel\u00a0 (P.F.M.P.)<\/strong><\/td>\n<td width=\"398\">22 semaines<\/td>\n<\/tr>\n<tr>\n<td width=\"223\"><strong>Type d\u2019examen<\/strong><\/td>\n<td width=\"398\"><strong>C<\/strong>ontr\u00f4le en <strong>C<\/strong>ours de <strong>F<\/strong>ormation (C.C.F) et en Examen Ponctuel<\/td>\n<\/tr>\n<tr>\n<td width=\"223\"><strong>D\u00e9bouch\u00e9s<\/strong><\/td>\n<td width=\"398\">Employ\u00e9 administratif, assistant de gestion, gestionnaire commerciale et du personnel.<\/td>\n<\/tr>\n<tr>\n<td width=\"223\"><strong>Poursuites d\u2019\u00e9tudes<\/strong><\/td>\n<td width=\"398\">BTS, DUT et activit\u00e9 professionnelle<\/td>\n<\/tr>\n<\/tbody>\n<\/table>\n<p><img loading=\"lazy\" decoding=\"async\" class=\"alignnone size-medium wp-image-658\" src=\"https:\/\/etab.ac-reunion.fr\/lyc-paul-langevin\/wp-content\/uploads\/sites\/140\/2016\/06\/labo-GA-1-300x225.jpg\" alt=\"labo GA 1\" width=\"300\" height=\"225\" \/> <img loading=\"lazy\" decoding=\"async\" class=\"alignnone size-medium wp-image-660\" src=\"https:\/\/etab.ac-reunion.fr\/lyc-paul-langevin\/wp-content\/uploads\/sites\/140\/2016\/06\/labo-GA-3-300x225.jpg\" alt=\"labo GA 3\" width=\"300\" height=\"225\" \/><\/p>\n","protected":false},"excerpt":{"rendered":"<p>Formations propos\u00e9es BAC PRO G.A (Gestion Administration) Dur\u00e9e 3 ans Descriptif Qualification gestionnaire administratif dans tous types d\u2019entreprises et .associations. Capacit\u00e9 d\u2019accueil du lyc\u00e9e 64 \u00e9l\u00e8ves P\u00e9riode de Formation en milieu professionnel\u00a0 (P.F.M.P.) 22 semaines Type d\u2019examen Contr\u00f4le en Cours de Formation (C.C.F) et en Examen Ponctuel D\u00e9bouch\u00e9s Employ\u00e9 administratif,\u2026<\/p>\n<p class=\"continue-reading-button\"> <a class=\"continue-reading-link\" href=\"https:\/\/etab.ac-reunion.fr\/lyc-paul-langevin\/atelier-gestion-administration\/\">Lire la suite&#8230;<i class=\"crycon-right-dir\"><\/i><\/a><\/p>\n","protected":false},"author":11577,"featured_media":660,"comment_status":"closed","ping_status":"closed","sticky":false,"template":"","format":"standard","meta":{"footnotes":""},"categories":[14],"tags":[],"class_list":["post-657","post","type-post","status-publish","format-standard","has-post-thumbnail","hentry","category-ga"],"_links":{"self":[{"href":"https:\/\/etab.ac-reunion.fr\/lyc-paul-langevin\/wp-json\/wp\/v2\/posts\/657","targetHints":{"allow":["GET"]}}],"collection":[{"href":"https:\/\/etab.ac-reunion.fr\/lyc-paul-langevin\/wp-json\/wp\/v2\/posts"}],"about":[{"href":"https:\/\/etab.ac-reunion.fr\/lyc-paul-langevin\/wp-json\/wp\/v2\/types\/post"}],"author":[{"embeddable":true,"href":"https:\/\/etab.ac-reunion.fr\/lyc-paul-langevin\/wp-json\/wp\/v2\/users\/11577"}],"replies":[{"embeddable":true,"href":"https:\/\/etab.ac-reunion.fr\/lyc-paul-langevin\/wp-json\/wp\/v2\/comments?post=657"}],"version-history":[{"count":2,"href":"https:\/\/etab.ac-reunion.fr\/lyc-paul-langevin\/wp-json\/wp\/v2\/posts\/657\/revisions"}],"predecessor-version":[{"id":724,"href":"https:\/\/etab.ac-reunion.fr\/lyc-paul-langevin\/wp-json\/wp\/v2\/posts\/657\/revisions\/724"}],"wp:featuredmedia":[{"embeddable":true,"href":"https:\/\/etab.ac-reunion.fr\/lyc-paul-langevin\/wp-json\/wp\/v2\/media\/660"}],"wp:attachment":[{"href":"https:\/\/etab.ac-reunion.fr\/lyc-paul-langevin\/wp-json\/wp\/v2\/media?parent=657"}],"wp:term":[{"taxonomy":"category","embeddable":true,"href":"https:\/\/etab.ac-reunion.fr\/lyc-paul-langevin\/wp-json\/wp\/v2\/categories?post=657"},{"taxonomy":"post_tag","embeddable":true,"href":"https:\/\/etab.ac-reunion.fr\/lyc-paul-langevin\/wp-json\/wp\/v2\/tags?post=657"}],"curies":[{"name":"wp","href":"https:\/\/api.w.org\/{rel}","templated":true}]}}