{"id":896,"date":"2017-02-06T12:13:52","date_gmt":"2017-02-06T11:13:52","guid":{"rendered":"http:\/\/lycee-paul-langevin.ac-reunion.fr\/?p=896"},"modified":"2017-02-06T12:26:42","modified_gmt":"2017-02-06T11:26:42","slug":"realisation-eleves-de-seconde-evsb","status":"publish","type":"post","link":"https:\/\/etab.ac-reunion.fr\/lyc-paul-langevin\/realisation-eleves-de-seconde-evsb\/","title":{"rendered":"R\u00e9alisation \u00e9l\u00e8ves de seconde EVSB"},"content":{"rendered":"<p>&nbsp;<\/p>\n<p>Travail r\u00e9alis\u00e9 par les \u00e9l\u00e8ves de seconde E.V.S. B. En utilisant l&rsquo;outil informatique les \u00e9l\u00e8ves ont cr\u00e9\u00e9 des motifs. Puis, ils ont imprim\u00e9 ces motifs sur un patron de casquette.<\/p>\n<div id=\"su_slider_69f1017ac29d9\" class=\"su-slider su-slider-centered su-slider-pages-yes su-slider-responsive-yes\" style=\"width:100%\" data-autoplay=\"3000\" data-speed=\"600\" data-mousewheel=\"true\"><div class=\"su-slider-slides\"><div class=\"su-slider-slide\"><a><img decoding=\"async\" src=\"https:\/\/etab.ac-reunion.fr\/lyc-paul-langevin\/wp-content\/uploads\/sites\/140\/2016\/12\/casquette004Bis.jpg\" alt=\"casquette004Bis\" \/><\/a><\/div><div class=\"su-slider-slide\"><a><img decoding=\"async\" src=\"https:\/\/etab.ac-reunion.fr\/lyc-paul-langevin\/wp-content\/uploads\/sites\/140\/2016\/12\/casquette003bis.jpg\" alt=\"casquette003bis\" \/><\/a><\/div><div class=\"su-slider-slide\"><a><img decoding=\"async\" src=\"https:\/\/etab.ac-reunion.fr\/lyc-paul-langevin\/wp-content\/uploads\/sites\/140\/2016\/12\/casquette002bis.jpg\" alt=\"casquette002bis\" \/><\/a><\/div><div class=\"su-slider-slide\"><a><img decoding=\"async\" src=\"https:\/\/etab.ac-reunion.fr\/lyc-paul-langevin\/wp-content\/uploads\/sites\/140\/2016\/12\/casquette001bis.jpg\" alt=\"casquette001bis\" \/><\/a><\/div><\/div><div class=\"su-slider-nav\"><div class=\"su-slider-direction\"><span class=\"su-slider-prev\"><\/span><span class=\"su-slider-next\"><\/span><\/div><div class=\"su-slider-pagination\"><\/div><\/div><\/div>\n<p><img loading=\"lazy\" decoding=\"async\" class=\"alignnone size-medium wp-image-898\" src=\"https:\/\/etab.ac-reunion.fr\/lyc-paul-langevin\/wp-content\/uploads\/sites\/140\/2016\/12\/casquette002bis.jpg\" alt=\"\" width=\"1\" height=\"1\" \/> <img loading=\"lazy\" decoding=\"async\" class=\"alignnone size-medium wp-image-899\" src=\"https:\/\/etab.ac-reunion.fr\/lyc-paul-langevin\/wp-content\/uploads\/sites\/140\/2016\/12\/casquette003bis.jpg\" alt=\"\" width=\"1\" height=\"1\" \/> <img loading=\"lazy\" decoding=\"async\" class=\"alignnone size-medium wp-image-900\" src=\"https:\/\/etab.ac-reunion.fr\/lyc-paul-langevin\/wp-content\/uploads\/sites\/140\/2016\/12\/casquette004Bis.jpg\" alt=\"\" width=\"1\" height=\"1\" \/><\/p>\n","protected":false},"excerpt":{"rendered":"<p>&nbsp; Travail r\u00e9alis\u00e9 par les \u00e9l\u00e8ves de seconde E.V.S. B. En utilisant l&rsquo;outil informatique les \u00e9l\u00e8ves ont cr\u00e9\u00e9 des motifs. Puis, ils ont imprim\u00e9 ces motifs sur un patron de casquette.<\/p>\n<p class=\"continue-reading-button\"> <a class=\"continue-reading-link\" href=\"https:\/\/etab.ac-reunion.fr\/lyc-paul-langevin\/realisation-eleves-de-seconde-evsb\/\">Lire la suite&#8230;<i class=\"crycon-right-dir\"><\/i><\/a><\/p>\n","protected":false},"author":11577,"featured_media":913,"comment_status":"closed","ping_status":"closed","sticky":false,"template":"","format":"standard","meta":{"footnotes":""},"categories":[11],"tags":[],"class_list":["post-896","post","type-post","status-publish","format-standard","has-post-thumbnail","hentry","category-arts"],"_links":{"self":[{"href":"https:\/\/etab.ac-reunion.fr\/lyc-paul-langevin\/wp-json\/wp\/v2\/posts\/896","targetHints":{"allow":["GET"]}}],"collection":[{"href":"https:\/\/etab.ac-reunion.fr\/lyc-paul-langevin\/wp-json\/wp\/v2\/posts"}],"about":[{"href":"https:\/\/etab.ac-reunion.fr\/lyc-paul-langevin\/wp-json\/wp\/v2\/types\/post"}],"author":[{"embeddable":true,"href":"https:\/\/etab.ac-reunion.fr\/lyc-paul-langevin\/wp-json\/wp\/v2\/users\/11577"}],"replies":[{"embeddable":true,"href":"https:\/\/etab.ac-reunion.fr\/lyc-paul-langevin\/wp-json\/wp\/v2\/comments?post=896"}],"version-history":[{"count":8,"href":"https:\/\/etab.ac-reunion.fr\/lyc-paul-langevin\/wp-json\/wp\/v2\/posts\/896\/revisions"}],"predecessor-version":[{"id":964,"href":"https:\/\/etab.ac-reunion.fr\/lyc-paul-langevin\/wp-json\/wp\/v2\/posts\/896\/revisions\/964"}],"wp:featuredmedia":[{"embeddable":true,"href":"https:\/\/etab.ac-reunion.fr\/lyc-paul-langevin\/wp-json\/wp\/v2\/media\/913"}],"wp:attachment":[{"href":"https:\/\/etab.ac-reunion.fr\/lyc-paul-langevin\/wp-json\/wp\/v2\/media?parent=896"}],"wp:term":[{"taxonomy":"category","embeddable":true,"href":"https:\/\/etab.ac-reunion.fr\/lyc-paul-langevin\/wp-json\/wp\/v2\/categories?post=896"},{"taxonomy":"post_tag","embeddable":true,"href":"https:\/\/etab.ac-reunion.fr\/lyc-paul-langevin\/wp-json\/wp\/v2\/tags?post=896"}],"curies":[{"name":"wp","href":"https:\/\/api.w.org\/{rel}","templated":true}]}}