{"id":287807,"date":"2026-04-24T16:28:49","date_gmt":"2026-04-24T12:28:49","guid":{"rendered":"https:\/\/etab.ac-reunion.fr\/lyc-paul-moreau\/?p=287807"},"modified":"2026-04-24T16:41:58","modified_gmt":"2026-04-24T12:41:58","slug":"chorale-college-lycee","status":"publish","type":"post","link":"https:\/\/etab.ac-reunion.fr\/lyc-paul-moreau\/chorale-college-lycee\/","title":{"rendered":"Chorale coll\u00e8ge &#8211; lyc\u00e9e"},"content":{"rendered":"\n<p>Ce jeudi 23 avril 2026, nous avons eu l&rsquo;immense plaisir d&rsquo;assister \u00e0 deux repr\u00e9sentations de la chorale coll\u00e8ge &#8211; lyc\u00e9e :<\/p>\n\n\n\n<ul class=\"wp-block-list\">\n<li>une premi\u00e8re repr\u00e9sentation \u00e0 16h pour les \u00e9l\u00e8ves du lyc\u00e9e accompagn\u00e9s de leurs enseignants et pour les personnels disponibles<\/li>\n\n\n\n<li>une seconde repr\u00e9sentation \u00e0 18h pour les parents des \u00e9l\u00e8ves choristes et les personnels <\/li>\n<\/ul>\n\n\n\n<p>Une tr\u00e8s belle prestation qui a enchant\u00e9 tout le monde.  Ce sont plus de Plus de 150 \u00e9l\u00e8ves, personnels et parents qui ont assist\u00e9 \u00e0 chacun des 2 concerts. Un grand bravo aux 75 choristes et aux enseignants qui chantaient eux aussi. Un immense merci \u00e0 M. Henry Irwan, le chef de ch\u0153ur.<\/p>\n\n\n\n<p>Nos \u00e9l\u00e8ves ont du talent !<\/p>\n\n\n\n<figure class=\"wp-block-gallery has-nested-images columns-default is-cropped wp-block-gallery-1 is-layout-flex wp-block-gallery-is-layout-flex\">\n<figure class=\"wp-block-image size-large\"><img loading=\"lazy\" decoding=\"async\" width=\"1024\" height=\"1009\" data-id=\"287810\" src=\"https:\/\/etab.ac-reunion.fr\/lyc-paul-moreau\/wp-content\/uploads\/sites\/54\/2026\/04\/27226-1024x1009.jpg\" alt=\"\" class=\"wp-image-287810\" srcset=\"https:\/\/etab.ac-reunion.fr\/lyc-paul-moreau\/wp-content\/uploads\/sites\/54\/2026\/04\/27226-1024x1009.jpg 1024w, https:\/\/etab.ac-reunion.fr\/lyc-paul-moreau\/wp-content\/uploads\/sites\/54\/2026\/04\/27226-300x296.jpg 300w, https:\/\/etab.ac-reunion.fr\/lyc-paul-moreau\/wp-content\/uploads\/sites\/54\/2026\/04\/27226-768x757.jpg 768w, https:\/\/etab.ac-reunion.fr\/lyc-paul-moreau\/wp-content\/uploads\/sites\/54\/2026\/04\/27226-1536x1514.jpg 1536w, https:\/\/etab.ac-reunion.fr\/lyc-paul-moreau\/wp-content\/uploads\/sites\/54\/2026\/04\/27226-2048x2018.jpg 2048w, https:\/\/etab.ac-reunion.fr\/lyc-paul-moreau\/wp-content\/uploads\/sites\/54\/2026\/04\/27226-76x76.jpg 76w\" sizes=\"auto, (max-width: 1024px) 100vw, 1024px\" \/><\/figure>\n\n\n\n<figure class=\"wp-block-image size-large\"><img loading=\"lazy\" decoding=\"async\" width=\"1024\" height=\"621\" data-id=\"287809\" src=\"https:\/\/etab.ac-reunion.fr\/lyc-paul-moreau\/wp-content\/uploads\/sites\/54\/2026\/04\/27225-1024x621.jpg\" alt=\"\" class=\"wp-image-287809\" srcset=\"https:\/\/etab.ac-reunion.fr\/lyc-paul-moreau\/wp-content\/uploads\/sites\/54\/2026\/04\/27225-1024x621.jpg 1024w, https:\/\/etab.ac-reunion.fr\/lyc-paul-moreau\/wp-content\/uploads\/sites\/54\/2026\/04\/27225-300x182.jpg 300w, https:\/\/etab.ac-reunion.fr\/lyc-paul-moreau\/wp-content\/uploads\/sites\/54\/2026\/04\/27225-768x466.jpg 768w, https:\/\/etab.ac-reunion.fr\/lyc-paul-moreau\/wp-content\/uploads\/sites\/54\/2026\/04\/27225-1536x931.jpg 1536w, https:\/\/etab.ac-reunion.fr\/lyc-paul-moreau\/wp-content\/uploads\/sites\/54\/2026\/04\/27225-2048x1242.jpg 2048w, https:\/\/etab.ac-reunion.fr\/lyc-paul-moreau\/wp-content\/uploads\/sites\/54\/2026\/04\/27225-377x230.jpg 377w\" sizes=\"auto, (max-width: 1024px) 100vw, 1024px\" \/><\/figure>\n\n\n\n<figure class=\"wp-block-image size-large\"><img loading=\"lazy\" decoding=\"async\" width=\"1024\" height=\"681\" data-id=\"287808\" src=\"https:\/\/etab.ac-reunion.fr\/lyc-paul-moreau\/wp-content\/uploads\/sites\/54\/2026\/04\/27223-1024x681.jpg\" alt=\"\" class=\"wp-image-287808\" srcset=\"https:\/\/etab.ac-reunion.fr\/lyc-paul-moreau\/wp-content\/uploads\/sites\/54\/2026\/04\/27223-1024x681.jpg 1024w, https:\/\/etab.ac-reunion.fr\/lyc-paul-moreau\/wp-content\/uploads\/sites\/54\/2026\/04\/27223-300x199.jpg 300w, https:\/\/etab.ac-reunion.fr\/lyc-paul-moreau\/wp-content\/uploads\/sites\/54\/2026\/04\/27223-768x511.jpg 768w, https:\/\/etab.ac-reunion.fr\/lyc-paul-moreau\/wp-content\/uploads\/sites\/54\/2026\/04\/27223-1536x1021.jpg 1536w, https:\/\/etab.ac-reunion.fr\/lyc-paul-moreau\/wp-content\/uploads\/sites\/54\/2026\/04\/27223-2048x1362.jpg 2048w, https:\/\/etab.ac-reunion.fr\/lyc-paul-moreau\/wp-content\/uploads\/sites\/54\/2026\/04\/27223-140x94.jpg 140w\" sizes=\"auto, (max-width: 1024px) 100vw, 1024px\" \/><\/figure>\n<\/figure>\n\n\n\n<p><\/p>\n<!-- AddThis Advanced Settings generic via filter on the_content --><!-- AddThis Share Buttons generic via filter on the_content -->","protected":false},"excerpt":{"rendered":"<p>Ce jeudi 23 avril 2026, nous avons eu l&rsquo;immense plaisir d&rsquo;assister \u00e0 deux repr\u00e9sentations de la chorale coll\u00e8ge &#8211; lyc\u00e9e : Une tr\u00e8s belle prestation qui a enchant\u00e9 tout le monde. Ce sont plus de Plus de 150 \u00e9l\u00e8ves, personnels et parents qui ont assist\u00e9 \u00e0 chacun des 2 concerts. Un grand bravo aux 75 [&hellip;]<!-- AddThis Advanced Settings generic via filter on get_the_excerpt --><!-- AddThis Share Buttons generic via filter on get_the_excerpt --><\/p>\n","protected":false},"author":226,"featured_media":287811,"comment_status":"closed","ping_status":"closed","sticky":false,"template":"","format":"standard","meta":{"footnotes":""},"categories":[27,3],"tags":[],"class_list":["post-287807","post","type-post","status-publish","format-standard","has-post-thumbnail","hentry","category-les-news","category-letablissement"],"_links":{"self":[{"href":"https:\/\/etab.ac-reunion.fr\/lyc-paul-moreau\/wp-json\/wp\/v2\/posts\/287807","targetHints":{"allow":["GET"]}}],"collection":[{"href":"https:\/\/etab.ac-reunion.fr\/lyc-paul-moreau\/wp-json\/wp\/v2\/posts"}],"about":[{"href":"https:\/\/etab.ac-reunion.fr\/lyc-paul-moreau\/wp-json\/wp\/v2\/types\/post"}],"author":[{"embeddable":true,"href":"https:\/\/etab.ac-reunion.fr\/lyc-paul-moreau\/wp-json\/wp\/v2\/users\/226"}],"replies":[{"embeddable":true,"href":"https:\/\/etab.ac-reunion.fr\/lyc-paul-moreau\/wp-json\/wp\/v2\/comments?post=287807"}],"version-history":[{"count":6,"href":"https:\/\/etab.ac-reunion.fr\/lyc-paul-moreau\/wp-json\/wp\/v2\/posts\/287807\/revisions"}],"predecessor-version":[{"id":287817,"href":"https:\/\/etab.ac-reunion.fr\/lyc-paul-moreau\/wp-json\/wp\/v2\/posts\/287807\/revisions\/287817"}],"wp:featuredmedia":[{"embeddable":true,"href":"https:\/\/etab.ac-reunion.fr\/lyc-paul-moreau\/wp-json\/wp\/v2\/media\/287811"}],"wp:attachment":[{"href":"https:\/\/etab.ac-reunion.fr\/lyc-paul-moreau\/wp-json\/wp\/v2\/media?parent=287807"}],"wp:term":[{"taxonomy":"category","embeddable":true,"href":"https:\/\/etab.ac-reunion.fr\/lyc-paul-moreau\/wp-json\/wp\/v2\/categories?post=287807"},{"taxonomy":"post_tag","embeddable":true,"href":"https:\/\/etab.ac-reunion.fr\/lyc-paul-moreau\/wp-json\/wp\/v2\/tags?post=287807"}],"curies":[{"name":"wp","href":"https:\/\/api.w.org\/{rel}","templated":true}]}}