{"id":2470,"date":"2020-11-04T06:16:33","date_gmt":"2020-11-04T06:16:33","guid":{"rendered":"http:\/\/lycee-pierre-poivre.ac-reunion.fr\/?p=2470"},"modified":"2021-06-14T05:28:15","modified_gmt":"2021-06-14T05:28:15","slug":"non-au-harcelement","status":"publish","type":"post","link":"https:\/\/etab.ac-reunion.fr\/lyc-pierre-poivre\/2020\/11\/04\/non-au-harcelement\/","title":{"rendered":"\u00ab\u00a0Non au harc\u00e8lement\u00a0\u00bb"},"content":{"rendered":"<p>Dans le cadre de la journ\u00e9e nationale contre le harc\u00e8lement scolaire, le lyc\u00e9e organise des actions \u00e0 l\u2019initiative des \u00e9l\u00e8ves :<\/p>\n<ul>\n<li>de 8h \u00e0 10h en salle poly1 : <strong>pour les \u00e9l\u00e8ves d\u00e9l\u00e9gu\u00e9s de classe (sauf BTS),<\/strong>\u00a0 projection d&rsquo;un documentaire <em>Souffre-douleurs, ils se manifestent <\/em>suivi d&rsquo;un d\u00e9bat ;<\/li>\n<li>sur la matin\u00e9e, \u00e0 l&rsquo;entr\u00e9e du lyc\u00e9e, organisation d&rsquo;un espace d\u00e9di\u00e9 \u00e0 la production de messages (mots, po\u00e8mes, chansons, petits r\u00e9cits&#8230;), de dessins sur le sujet. Les productions seront affich\u00e9s pour la r\u00e9cr\u00e9ation de l&rsquo;apr\u00e8s-midi. Les textes pourront \u00eatre lus.<\/li>\n<li>au CDI, exposition d&rsquo;ouvrages traitant du harc\u00e8lement. A d\u00e9couvrir \u00e9galement sur le portail du CDI (esidoc) une s\u00e9lection de ressources traitant du sujet.<\/li>\n<\/ul>\n<p>L&rsquo;antenne Jeunes d&rsquo;Amnesty proposera \u00e9galement une table de signature.<\/p>\n","protected":false},"excerpt":{"rendered":"<p>Journ\u00e9e nationale contre le harc\u00e8lement scolaire le jeudi 5 novembre 2020<\/p>\n","protected":false},"author":45,"featured_media":0,"comment_status":"closed","ping_status":"closed","sticky":false,"template":"","format":"standard","meta":{"footnotes":""},"categories":[7],"tags":[],"class_list":["post-2470","post","type-post","status-publish","format-standard","hentry","category-la_vie_au_lycee"],"_links":{"self":[{"href":"https:\/\/etab.ac-reunion.fr\/lyc-pierre-poivre\/wp-json\/wp\/v2\/posts\/2470","targetHints":{"allow":["GET"]}}],"collection":[{"href":"https:\/\/etab.ac-reunion.fr\/lyc-pierre-poivre\/wp-json\/wp\/v2\/posts"}],"about":[{"href":"https:\/\/etab.ac-reunion.fr\/lyc-pierre-poivre\/wp-json\/wp\/v2\/types\/post"}],"author":[{"embeddable":true,"href":"https:\/\/etab.ac-reunion.fr\/lyc-pierre-poivre\/wp-json\/wp\/v2\/users\/45"}],"replies":[{"embeddable":true,"href":"https:\/\/etab.ac-reunion.fr\/lyc-pierre-poivre\/wp-json\/wp\/v2\/comments?post=2470"}],"version-history":[{"count":4,"href":"https:\/\/etab.ac-reunion.fr\/lyc-pierre-poivre\/wp-json\/wp\/v2\/posts\/2470\/revisions"}],"predecessor-version":[{"id":2474,"href":"https:\/\/etab.ac-reunion.fr\/lyc-pierre-poivre\/wp-json\/wp\/v2\/posts\/2470\/revisions\/2474"}],"wp:attachment":[{"href":"https:\/\/etab.ac-reunion.fr\/lyc-pierre-poivre\/wp-json\/wp\/v2\/media?parent=2470"}],"wp:term":[{"taxonomy":"category","embeddable":true,"href":"https:\/\/etab.ac-reunion.fr\/lyc-pierre-poivre\/wp-json\/wp\/v2\/categories?post=2470"},{"taxonomy":"post_tag","embeddable":true,"href":"https:\/\/etab.ac-reunion.fr\/lyc-pierre-poivre\/wp-json\/wp\/v2\/tags?post=2470"}],"curies":[{"name":"wp","href":"https:\/\/api.w.org\/{rel}","templated":true}]}}