{"id":2609,"date":"2021-06-11T13:00:18","date_gmt":"2021-06-11T13:00:18","guid":{"rendered":"http:\/\/lycee-pierre-poivre.ac-reunion.fr\/?p=2609"},"modified":"2021-09-21T05:23:12","modified_gmt":"2021-09-21T05:23:12","slug":"inscriptions-en-seconde-et-en-bts-1-annee-scolaire-2021-2022","status":"publish","type":"post","link":"https:\/\/etab.ac-reunion.fr\/lyc-pierre-poivre\/2021\/06\/11\/inscriptions-en-seconde-et-en-bts-1-annee-scolaire-2021-2022\/","title":{"rendered":"Inscriptions en seconde et en BTS 1 &#8211; Ann\u00e9e Scolaire 2021\/2022"},"content":{"rendered":"<div class=\"entry-content\">\n<p><strong>Modalit\u00e9s pour les inscriptions en classe de seconde pour l\u2019ann\u00e9e scolaire 2021\/2022<\/strong> :<\/p>\n<ul>\n<li>t\u00e9l\u00e9charger les \u00e9l\u00e9ments du dossier d\u2019inscription (voir ci-dessous)<\/li>\n<li>remplir les diff\u00e9rents documents et les d\u00e9poser au lyc\u00e9e, avec les pi\u00e8ces \u00e0 joindre, selon le calendrier suivant : <a href=\"https:\/\/etab.ac-reunion.fr\/lyc-pierre-poivre\/wp-content\/uploads\/sites\/36\/2021\/06\/Calendrier-des-inscriptions-en-seconde-2020-2021.pdf\">Calendrier des inscriptions en seconde 2020 2022<\/a><\/li>\n<\/ul>\n<p>Pi\u00e8ces \u00e0 joindre au dossier : <a href=\"https:\/\/etab.ac-reunion.fr\/lyc-pierre-poivre\/wp-content\/uploads\/sites\/36\/2021\/06\/inscription2520en2520classe2520de2520seconde2520202125.pdf\">inscriptions20212022<\/a><\/p>\n<p>Documents du dossier \u00e0 remplir (si n\u00e9cessaire) :<\/p>\n<ul>\n<li>Choix des enseignements et options en seconde : <a href=\"https:\/\/etab.ac-reunion.fr\/lyc-pierre-poivre\/wp-content\/uploads\/sites\/36\/2021\/06\/Choix-des-enseignements-et-options-seconde-2020.pdf\">Choix des enseignements et options seconde 2021<\/a><\/li>\n<li>Fiche inscription demi-pension : <a href=\"https:\/\/etab.ac-reunion.fr\/lyc-pierre-poivre\/wp-content\/uploads\/sites\/36\/2021\/06\/fiche-inscription-Demi-Pension-2021-2022.pdf\">fiche inscription Demi Pension 2021-2022<\/a><\/li>\n<li>Infirmerie : <a href=\"https:\/\/etab.ac-reunion.fr\/lyc-pierre-poivre\/wp-content\/uploads\/sites\/36\/2021\/06\/Fiche-renseignements-infirmerie.odt.pdf\">Fiche renseignements infirmerie<\/a><\/li>\n<li>Circuit de ramassage scolaire : <a href=\"https:\/\/etab.ac-reunion.fr\/lyc-pierre-poivre\/wp-content\/uploads\/sites\/36\/2021\/06\/CIRCUIT-DE-RAMASSAGE-SCOLAIRE.pdf\">CIRCUIT DE RAMASSAGE SCOLAIRE<\/a><\/li>\n<li>Droit \u00e0 l\u2019image pour les \u00e9l\u00e8ves mineurs : <a href=\"https:\/\/etab.ac-reunion.fr\/lyc-pierre-poivre\/wp-content\/uploads\/sites\/36\/2021\/06\/AUTORISATION_DROIT_IMAGE_MINEUR-1.pdf\">AUTORISATION_DROIT_IMAGE_MINEUR <\/a><\/li>\n<li>Droit \u00e0 l\u2019image pour les \u00e9l\u00e8ves majeurs : <a href=\"https:\/\/etab.ac-reunion.fr\/lyc-pierre-poivre\/wp-content\/uploads\/sites\/36\/2021\/06\/AUTORISATION_DROIT_MAJEUR.pdf\">AUTORISATION_DROIT_MAJEUR<\/a><\/li>\n<\/ul>\n<p><strong>La fiche d&rsquo;urgence est \u00e0 v\u00e9rifier et \u00e0 corriger au stylo rouge si n\u00e9cessaire.<\/strong><\/p>\n<p><strong>Modalit\u00e9s pour les inscriptions en BTS premi\u00e8re ann\u00e9e<\/strong> : inscription en pr\u00e9sentiel le<strong> Mardi 10 ao\u00fbt \u00e0 partir de 9h<\/strong>.<\/p>\n<p><strong>Ne pas oublier de t\u00e9l\u00e9charger les documents (cf. pi\u00e8ces \u00e0 joindre au dossier), ainsi que les fiches demi-pension, infirmerie et droit \u00e0 l\u2019image.<\/strong><\/p>\n<\/div>\n","protected":false},"excerpt":{"rendered":"<p>Modalit\u00e9s pour les inscriptions en classe de seconde pour l\u2019ann\u00e9e scolaire 2021\/2022 : t\u00e9l\u00e9charger les \u00e9l\u00e9ments du dossier d\u2019inscription (voir ci-dessous) remplir les diff\u00e9rents documents et les d\u00e9poser au lyc\u00e9e, avec les pi\u00e8ces \u00e0 joindre, selon le calendrier suivant : Calendrier des inscriptions en seconde 2020 2022 Pi\u00e8ces \u00e0 joindre &hellip;<\/p>\n","protected":false},"author":29203,"featured_media":0,"comment_status":"closed","ping_status":"closed","sticky":false,"template":"","format":"standard","meta":{"footnotes":""},"categories":[20,48],"tags":[],"class_list":["post-2609","post","type-post","status-publish","format-standard","hentry","category-etablissement","category-vie-scolaire"],"_links":{"self":[{"href":"https:\/\/etab.ac-reunion.fr\/lyc-pierre-poivre\/wp-json\/wp\/v2\/posts\/2609","targetHints":{"allow":["GET"]}}],"collection":[{"href":"https:\/\/etab.ac-reunion.fr\/lyc-pierre-poivre\/wp-json\/wp\/v2\/posts"}],"about":[{"href":"https:\/\/etab.ac-reunion.fr\/lyc-pierre-poivre\/wp-json\/wp\/v2\/types\/post"}],"author":[{"embeddable":true,"href":"https:\/\/etab.ac-reunion.fr\/lyc-pierre-poivre\/wp-json\/wp\/v2\/users\/29203"}],"replies":[{"embeddable":true,"href":"https:\/\/etab.ac-reunion.fr\/lyc-pierre-poivre\/wp-json\/wp\/v2\/comments?post=2609"}],"version-history":[{"count":6,"href":"https:\/\/etab.ac-reunion.fr\/lyc-pierre-poivre\/wp-json\/wp\/v2\/posts\/2609\/revisions"}],"predecessor-version":[{"id":2617,"href":"https:\/\/etab.ac-reunion.fr\/lyc-pierre-poivre\/wp-json\/wp\/v2\/posts\/2609\/revisions\/2617"}],"wp:attachment":[{"href":"https:\/\/etab.ac-reunion.fr\/lyc-pierre-poivre\/wp-json\/wp\/v2\/media?parent=2609"}],"wp:term":[{"taxonomy":"category","embeddable":true,"href":"https:\/\/etab.ac-reunion.fr\/lyc-pierre-poivre\/wp-json\/wp\/v2\/categories?post=2609"},{"taxonomy":"post_tag","embeddable":true,"href":"https:\/\/etab.ac-reunion.fr\/lyc-pierre-poivre\/wp-json\/wp\/v2\/tags?post=2609"}],"curies":[{"name":"wp","href":"https:\/\/api.w.org\/{rel}","templated":true}]}}