{"id":5315,"date":"2024-05-23T10:32:28","date_gmt":"2024-05-23T10:32:28","guid":{"rendered":"https:\/\/etab.ac-reunion.fr\/lyc-pierre-poivre\/?p=5315"},"modified":"2024-09-23T18:50:39","modified_gmt":"2024-09-23T18:50:39","slug":"festival-mini-entreprises-prix-du-public-2024-pour-pierre-poivre","status":"publish","type":"post","link":"https:\/\/etab.ac-reunion.fr\/lyc-pierre-poivre\/2024\/05\/23\/festival-mini-entreprises-prix-du-public-2024-pour-pierre-poivre\/","title":{"rendered":"Festival Mini-entreprises : Prix du Public 2024  pour Pierre Poivre"},"content":{"rendered":"<div class=\"su-image-carousel  su-image-carousel-has-spacing su-image-carousel-has-outline su-image-carousel-adaptive su-image-carousel-slides-style-photo su-image-carousel-controls-style-dark su-image-carousel-align-none\" style=\"max-width:50%\" data-flickity-options='{\"groupCells\":true,\"cellSelector\":\".su-image-carousel-item\",\"adaptiveHeight\":true,\"cellAlign\":\"left\",\"prevNextButtons\":true,\"pageDots\":true,\"autoPlay\":3000,\"imagesLoaded\":true,\"contain\":false,\"selectedAttraction\":0.025,\"friction\":0.28}' id=\"su_image_carousel_69ef784b7dd05\"><div class=\"su-image-carousel-item\"><div class=\"su-image-carousel-item-content\"><img loading=\"lazy\" decoding=\"async\" width=\"768\" height=\"1024\" src=\"https:\/\/etab.ac-reunion.fr\/lyc-pierre-poivre\/wp-content\/uploads\/sites\/36\/2024\/05\/image0-3-768x1024.jpeg\" class=\"\" alt=\"\" srcset=\"https:\/\/etab.ac-reunion.fr\/lyc-pierre-poivre\/wp-content\/uploads\/sites\/36\/2024\/05\/image0-3-768x1024.jpeg 768w, https:\/\/etab.ac-reunion.fr\/lyc-pierre-poivre\/wp-content\/uploads\/sites\/36\/2024\/05\/image0-3-225x300.jpeg 225w, https:\/\/etab.ac-reunion.fr\/lyc-pierre-poivre\/wp-content\/uploads\/sites\/36\/2024\/05\/image0-3-113x150.jpeg 113w, https:\/\/etab.ac-reunion.fr\/lyc-pierre-poivre\/wp-content\/uploads\/sites\/36\/2024\/05\/image0-3.jpeg 1125w\" sizes=\"auto, (max-width: 768px) 100vw, 768px\" \/><span><\/span><\/div><\/div><div class=\"su-image-carousel-item\"><div class=\"su-image-carousel-item-content\"><img loading=\"lazy\" decoding=\"async\" width=\"1024\" height=\"758\" src=\"https:\/\/etab.ac-reunion.fr\/lyc-pierre-poivre\/wp-content\/uploads\/sites\/36\/2024\/05\/IMG_8453-1024x758.jpg\" class=\"\" alt=\"\" srcset=\"https:\/\/etab.ac-reunion.fr\/lyc-pierre-poivre\/wp-content\/uploads\/sites\/36\/2024\/05\/IMG_8453-1024x758.jpg 1024w, https:\/\/etab.ac-reunion.fr\/lyc-pierre-poivre\/wp-content\/uploads\/sites\/36\/2024\/05\/IMG_8453-300x222.jpg 300w, https:\/\/etab.ac-reunion.fr\/lyc-pierre-poivre\/wp-content\/uploads\/sites\/36\/2024\/05\/IMG_8453-768x568.jpg 768w, https:\/\/etab.ac-reunion.fr\/lyc-pierre-poivre\/wp-content\/uploads\/sites\/36\/2024\/05\/IMG_8453-150x111.jpg 150w, https:\/\/etab.ac-reunion.fr\/lyc-pierre-poivre\/wp-content\/uploads\/sites\/36\/2024\/05\/IMG_8453.jpg 1170w\" sizes=\"auto, (max-width: 1024px) 100vw, 1024px\" \/><span><\/span><\/div><\/div><div class=\"su-image-carousel-item\"><div class=\"su-image-carousel-item-content\"><img loading=\"lazy\" decoding=\"async\" width=\"768\" height=\"1024\" src=\"https:\/\/etab.ac-reunion.fr\/lyc-pierre-poivre\/wp-content\/uploads\/sites\/36\/2024\/05\/image0-4-768x1024.jpeg\" class=\"\" alt=\"\" srcset=\"https:\/\/etab.ac-reunion.fr\/lyc-pierre-poivre\/wp-content\/uploads\/sites\/36\/2024\/05\/image0-4-768x1024.jpeg 768w, https:\/\/etab.ac-reunion.fr\/lyc-pierre-poivre\/wp-content\/uploads\/sites\/36\/2024\/05\/image0-4-225x300.jpeg 225w, https:\/\/etab.ac-reunion.fr\/lyc-pierre-poivre\/wp-content\/uploads\/sites\/36\/2024\/05\/image0-4-113x150.jpeg 113w, https:\/\/etab.ac-reunion.fr\/lyc-pierre-poivre\/wp-content\/uploads\/sites\/36\/2024\/05\/image0-4.jpeg 1125w\" sizes=\"auto, (max-width: 768px) 100vw, 768px\" \/><span><\/span><\/div><\/div><\/div><script id=\"su_image_carousel_69ef784b7dd05_script\">if(window.SUImageCarousel){setTimeout(function() {window.SUImageCarousel.initGallery(document.getElementById(\"su_image_carousel_69ef784b7dd05\"))}, 0);}var su_image_carousel_69ef784b7dd05_script=document.getElementById(\"su_image_carousel_69ef784b7dd05_script\");if(su_image_carousel_69ef784b7dd05_script){su_image_carousel_69ef784b7dd05_script.parentNode.removeChild(su_image_carousel_69ef784b7dd05_script);}<\/script>Dans le cadre du festival des mini-entreprises, les \u00e9l\u00e8ves de l&rsquo;option Management &amp; gestion ont cr\u00e9\u00e9 une mini-entreprise au sein du lyc\u00e9e Pierre Poivre pour confectionner des jus de fruits frais. Ils ont ensuite participer au festival le mardi 30 avril au domaine du Moka o\u00f9 les \u00e9l\u00e8ves ont pu pr\u00e9senter et vendre leurs produits innovants, Pe\u00ef et \u00e9co-responsables.<br \/>\nLa vid\u00e9o ( ci-dessous ) qu&rsquo;ont \u00e9labor\u00e9 les \u00e9l\u00e8ves, ayant conquis le c\u0153ur du public, leur a permis de remporter le 1er \u00ab\u00a0Prix du public lyc\u00e9e\u00a0\u00bb 2024.<\/p>\n<p>Stessy Lebeau, Professeur d&rsquo;Eco-gestion<\/p>\n<div class=\"su-vimeo su-u-responsive-media-yes\"><iframe loading=\"lazy\" width=\"600\" height=\"400\" src=\"\/\/player.vimeo.com\/video\/935772036?title=0&amp;byline=0&amp;portrait=0&amp;color=ffffff&amp;autoplay=0&amp;dnt=0&amp;muted=0&amp;texttrack=\" frameborder=\"0\" allow=\"autoplay; fullscreen\" allowfullscreen title=\"\"><\/iframe><\/div>\n<p>&nbsp;<\/p>\n<p>&nbsp;<\/p>\n<p>&nbsp;<\/p>\n","protected":false},"excerpt":{"rendered":"<p>Dans le cadre du festival des mini-entreprises, les \u00e9l\u00e8ves de l&rsquo;option Management &amp; gestion ont cr\u00e9\u00e9 une mini-entreprise au sein du lyc\u00e9e Pierre Poivre pour confectionner des jus de fruits frais. Ils ont ensuite participer au festival le mardi 30 avril au domaine du Moka o\u00f9 les \u00e9l\u00e8ves ont pu &hellip;<\/p>\n","protected":false},"author":30002,"featured_media":5316,"comment_status":"closed","ping_status":"closed","sticky":false,"template":"","format":"image","meta":{"footnotes":""},"categories":[199,105],"tags":[],"class_list":["post-5315","post","type-post","status-publish","format-image","has-post-thumbnail","hentry","category-festival-des-minis-entreprises","category-stmg","post_format-post-format-image"],"_links":{"self":[{"href":"https:\/\/etab.ac-reunion.fr\/lyc-pierre-poivre\/wp-json\/wp\/v2\/posts\/5315","targetHints":{"allow":["GET"]}}],"collection":[{"href":"https:\/\/etab.ac-reunion.fr\/lyc-pierre-poivre\/wp-json\/wp\/v2\/posts"}],"about":[{"href":"https:\/\/etab.ac-reunion.fr\/lyc-pierre-poivre\/wp-json\/wp\/v2\/types\/post"}],"author":[{"embeddable":true,"href":"https:\/\/etab.ac-reunion.fr\/lyc-pierre-poivre\/wp-json\/wp\/v2\/users\/30002"}],"replies":[{"embeddable":true,"href":"https:\/\/etab.ac-reunion.fr\/lyc-pierre-poivre\/wp-json\/wp\/v2\/comments?post=5315"}],"version-history":[{"count":6,"href":"https:\/\/etab.ac-reunion.fr\/lyc-pierre-poivre\/wp-json\/wp\/v2\/posts\/5315\/revisions"}],"predecessor-version":[{"id":5446,"href":"https:\/\/etab.ac-reunion.fr\/lyc-pierre-poivre\/wp-json\/wp\/v2\/posts\/5315\/revisions\/5446"}],"wp:featuredmedia":[{"embeddable":true,"href":"https:\/\/etab.ac-reunion.fr\/lyc-pierre-poivre\/wp-json\/wp\/v2\/media\/5316"}],"wp:attachment":[{"href":"https:\/\/etab.ac-reunion.fr\/lyc-pierre-poivre\/wp-json\/wp\/v2\/media?parent=5315"}],"wp:term":[{"taxonomy":"category","embeddable":true,"href":"https:\/\/etab.ac-reunion.fr\/lyc-pierre-poivre\/wp-json\/wp\/v2\/categories?post=5315"},{"taxonomy":"post_tag","embeddable":true,"href":"https:\/\/etab.ac-reunion.fr\/lyc-pierre-poivre\/wp-json\/wp\/v2\/tags?post=5315"}],"curies":[{"name":"wp","href":"https:\/\/api.w.org\/{rel}","templated":true}]}}