{"id":6319,"date":"2025-04-22T07:39:07","date_gmt":"2025-04-22T07:39:07","guid":{"rendered":"https:\/\/etab.ac-reunion.fr\/lyc-pierre-poivre\/?p=6319"},"modified":"2025-04-22T08:20:18","modified_gmt":"2025-04-22T08:20:18","slug":"recrutement-ecole-de-larmee-de-lair","status":"publish","type":"post","link":"https:\/\/etab.ac-reunion.fr\/lyc-pierre-poivre\/2025\/04\/22\/recrutement-ecole-de-larmee-de-lair\/","title":{"rendered":"Recrutement \u00c9cole de l&rsquo;arm\u00e9e de l&rsquo;air"},"content":{"rendered":"<p>Dans le cadre du recrutement au profit de l\u2019Ecole d\u2019enseignement technique de l\u2019arm\u00e9e de l\u2019air et de l\u2019espace de Saintes (Charente-Maritime) pour l\u2019ann\u00e9e 2025, Veuillez trouver ci-joint :<\/p>\n<ul>\n<li>avis de recrutement sur dossier d\u2019\u00e9l\u00e8ves en vue d\u2019une admission en classe de premi\u00e8re<\/li>\n<li>avis de recrutement sur dossier d\u2019\u00e9l\u00e8ves en vue d\u2019une admission en seconde ann\u00e9e de scolarit\u00e9 (classe de terminale)<\/li>\n<\/ul>\n<p>Les inscriptions s\u2019effectueront <strong><u>jusqu\u2019au 25 avril 2025<\/u><\/strong>, via l\u2019application \u00ab\u00a0d\u00e9marches-simplifi\u00e9es\u00a0\u00bb accessible depuis le site internet de l\u2019EETAAE\u00a0: <a href=\"https:\/\/www.eetaa722.fr\/\">https:\/\/www.eetaa722.fr\/<\/a><\/p>\n<p>Pour finaliser son inscription en CIRFA, le candidat devra pr\u00e9senter son attestation obtenue apr\u00e8s la validation de son dossier par le bureau examens s\u00e9lections de l\u2019EETAAE ainsi qu\u2019un acte de naissance r\u00e9cent.<\/p>\n<p><a href=\"https:\/\/etab.ac-reunion.fr\/lyc-pierre-poivre\/wp-content\/uploads\/sites\/36\/2025\/04\/EETAAE-Avis-de-recrutement-2025-en-classe-de-premiere.pdf\">Classe de Premi\u00e8re<\/a><\/p>\n<p><a href=\"https:\/\/etab.ac-reunion.fr\/lyc-pierre-poivre\/wp-content\/uploads\/sites\/36\/2025\/04\/EETAAE-Avis-de-recrutement-2025-en-classe-de-terminale.pdf\">Classe de Terminale<\/a><\/p>\n","protected":false},"excerpt":{"rendered":"<p>Dans le cadre du recrutement au profit de l\u2019Ecole d\u2019enseignement technique de l\u2019arm\u00e9e de l\u2019air et de l\u2019espace de Saintes (Charente-Maritime) pour l\u2019ann\u00e9e 2025, Veuillez trouver ci-joint : avis de recrutement sur dossier d\u2019\u00e9l\u00e8ves en vue d\u2019une admission en classe de premi\u00e8re avis de recrutement sur dossier d\u2019\u00e9l\u00e8ves en vue &hellip;<\/p>\n","protected":false},"author":30002,"featured_media":0,"comment_status":"closed","ping_status":"closed","sticky":false,"template":"","format":"gallery","meta":{"footnotes":""},"categories":[221],"tags":[],"class_list":["post-6319","post","type-post","status-publish","format-gallery","hentry","category-orientation-2","post_format-post-format-gallery"],"_links":{"self":[{"href":"https:\/\/etab.ac-reunion.fr\/lyc-pierre-poivre\/wp-json\/wp\/v2\/posts\/6319","targetHints":{"allow":["GET"]}}],"collection":[{"href":"https:\/\/etab.ac-reunion.fr\/lyc-pierre-poivre\/wp-json\/wp\/v2\/posts"}],"about":[{"href":"https:\/\/etab.ac-reunion.fr\/lyc-pierre-poivre\/wp-json\/wp\/v2\/types\/post"}],"author":[{"embeddable":true,"href":"https:\/\/etab.ac-reunion.fr\/lyc-pierre-poivre\/wp-json\/wp\/v2\/users\/30002"}],"replies":[{"embeddable":true,"href":"https:\/\/etab.ac-reunion.fr\/lyc-pierre-poivre\/wp-json\/wp\/v2\/comments?post=6319"}],"version-history":[{"count":4,"href":"https:\/\/etab.ac-reunion.fr\/lyc-pierre-poivre\/wp-json\/wp\/v2\/posts\/6319\/revisions"}],"predecessor-version":[{"id":6325,"href":"https:\/\/etab.ac-reunion.fr\/lyc-pierre-poivre\/wp-json\/wp\/v2\/posts\/6319\/revisions\/6325"}],"wp:attachment":[{"href":"https:\/\/etab.ac-reunion.fr\/lyc-pierre-poivre\/wp-json\/wp\/v2\/media?parent=6319"}],"wp:term":[{"taxonomy":"category","embeddable":true,"href":"https:\/\/etab.ac-reunion.fr\/lyc-pierre-poivre\/wp-json\/wp\/v2\/categories?post=6319"},{"taxonomy":"post_tag","embeddable":true,"href":"https:\/\/etab.ac-reunion.fr\/lyc-pierre-poivre\/wp-json\/wp\/v2\/tags?post=6319"}],"curies":[{"name":"wp","href":"https:\/\/api.w.org\/{rel}","templated":true}]}}