{"id":6908,"date":"2026-04-23T09:15:27","date_gmt":"2026-04-23T09:15:27","guid":{"rendered":"https:\/\/etab.ac-reunion.fr\/lyc-pierre-poivre\/?p=6908"},"modified":"2026-04-23T10:31:20","modified_gmt":"2026-04-23T10:31:20","slug":"danse-urbaine-les-eleves-font-le-spectacle","status":"publish","type":"post","link":"https:\/\/etab.ac-reunion.fr\/lyc-pierre-poivre\/2026\/04\/23\/danse-urbaine-les-eleves-font-le-spectacle\/","title":{"rendered":"Danse urbaine : les \u00e9l\u00e8ves font le spectacle"},"content":{"rendered":"<p data-start=\"47\" data-end=\"208\">Ce jeudi 23 avril 2026, \u00e0 la pause m\u00e9ridienne, les \u00e9l\u00e8ves ont pr\u00e9sent\u00e9 une chor\u00e9graphie de danse urbaine devant leurs camarades.<\/p>\n<p data-start=\"47\" data-end=\"208\">Sur un rythme dynamique, ils ont montr\u00e9 leur travail et leur engagement.<\/p>\n<p data-start=\"210\" data-end=\"261\" data-is-last-node=\"\" data-is-only-node=\"\">Un moment simple et r\u00e9ussi, appr\u00e9ci\u00e9 par le public tr\u00e8s participatif.<div class=\"su-custom-gallery su-custom-gallery-align-left su-custom-gallery-title-never\"><div class=\"su-custom-gallery-slide\" style=\"width:370px;height:270px\"><a><img loading=\"lazy\" decoding=\"async\" src=\"https:\/\/etab.ac-reunion.fr\/lyc-pierre-poivre\/wp-content\/uploads\/sites\/36\/2026\/04\/WhatsApp-Image-2026-04-23-at-12.58.24.jpeg\" alt=\"WhatsApp Image 2026-04-23 at 12.58.24\" width=\"370\" height=\"270\" \/><span class=\"su-custom-gallery-title\">WhatsApp Image 2026-04-23 at 12.58.24<\/span><\/a><\/div><div class=\"su-custom-gallery-slide\" style=\"width:370px;height:270px\"><a><img loading=\"lazy\" decoding=\"async\" src=\"https:\/\/etab.ac-reunion.fr\/lyc-pierre-poivre\/wp-content\/uploads\/sites\/36\/2026\/04\/WhatsApp-Image-2026-04-23-at-13.00.11.jpeg\" alt=\"WhatsApp Image 2026-04-23 at 13.00.11\" width=\"370\" height=\"270\" \/><span class=\"su-custom-gallery-title\">WhatsApp Image 2026-04-23 at 13.00.11<\/span><\/a><\/div><div class=\"su-custom-gallery-slide\" style=\"width:370px;height:270px\"><a><img loading=\"lazy\" decoding=\"async\" src=\"https:\/\/etab.ac-reunion.fr\/lyc-pierre-poivre\/wp-content\/uploads\/sites\/36\/2026\/04\/WhatsApp-Image-2026-04-23-at-13.00.28.jpeg\" alt=\"WhatsApp Image 2026-04-23 at 13.00.28\" width=\"370\" height=\"270\" \/><span class=\"su-custom-gallery-title\">WhatsApp Image 2026-04-23 at 13.00.28<\/span><\/a><\/div><div class=\"su-custom-gallery-slide\" style=\"width:370px;height:270px\"><a><img loading=\"lazy\" decoding=\"async\" src=\"https:\/\/etab.ac-reunion.fr\/lyc-pierre-poivre\/wp-content\/uploads\/sites\/36\/2026\/04\/WhatsApp-Image-2026-04-23-at-13.01.41.jpeg\" alt=\"WhatsApp Image 2026-04-23 at 13.01.41\" width=\"370\" height=\"270\" \/><span class=\"su-custom-gallery-title\">WhatsApp Image 2026-04-23 at 13.01.41<\/span><\/a><\/div><div class=\"su-clear\"><\/div><\/div>\n","protected":false},"excerpt":{"rendered":"<p>Ce jeudi 23 avril 2026, \u00e0 la pause m\u00e9ridienne, les \u00e9l\u00e8ves ont pr\u00e9sent\u00e9 une chor\u00e9graphie de danse urbaine devant leurs camarades. Sur un rythme dynamique, ils ont montr\u00e9 leur travail et leur engagement. Un moment simple et r\u00e9ussi, appr\u00e9ci\u00e9 par le public tr\u00e8s participatif.<\/p>\n","protected":false},"author":30002,"featured_media":6906,"comment_status":"closed","ping_status":"closed","sticky":false,"template":"","format":"gallery","meta":{"footnotes":""},"categories":[1],"tags":[],"class_list":["post-6908","post","type-post","status-publish","format-gallery","has-post-thumbnail","hentry","category-non-classe","post_format-post-format-gallery"],"_links":{"self":[{"href":"https:\/\/etab.ac-reunion.fr\/lyc-pierre-poivre\/wp-json\/wp\/v2\/posts\/6908","targetHints":{"allow":["GET"]}}],"collection":[{"href":"https:\/\/etab.ac-reunion.fr\/lyc-pierre-poivre\/wp-json\/wp\/v2\/posts"}],"about":[{"href":"https:\/\/etab.ac-reunion.fr\/lyc-pierre-poivre\/wp-json\/wp\/v2\/types\/post"}],"author":[{"embeddable":true,"href":"https:\/\/etab.ac-reunion.fr\/lyc-pierre-poivre\/wp-json\/wp\/v2\/users\/30002"}],"replies":[{"embeddable":true,"href":"https:\/\/etab.ac-reunion.fr\/lyc-pierre-poivre\/wp-json\/wp\/v2\/comments?post=6908"}],"version-history":[{"count":2,"href":"https:\/\/etab.ac-reunion.fr\/lyc-pierre-poivre\/wp-json\/wp\/v2\/posts\/6908\/revisions"}],"predecessor-version":[{"id":6910,"href":"https:\/\/etab.ac-reunion.fr\/lyc-pierre-poivre\/wp-json\/wp\/v2\/posts\/6908\/revisions\/6910"}],"wp:featuredmedia":[{"embeddable":true,"href":"https:\/\/etab.ac-reunion.fr\/lyc-pierre-poivre\/wp-json\/wp\/v2\/media\/6906"}],"wp:attachment":[{"href":"https:\/\/etab.ac-reunion.fr\/lyc-pierre-poivre\/wp-json\/wp\/v2\/media?parent=6908"}],"wp:term":[{"taxonomy":"category","embeddable":true,"href":"https:\/\/etab.ac-reunion.fr\/lyc-pierre-poivre\/wp-json\/wp\/v2\/categories?post=6908"},{"taxonomy":"post_tag","embeddable":true,"href":"https:\/\/etab.ac-reunion.fr\/lyc-pierre-poivre\/wp-json\/wp\/v2\/tags?post=6908"}],"curies":[{"name":"wp","href":"https:\/\/api.w.org\/{rel}","templated":true}]}}