{"id":6946,"date":"2026-04-27T10:31:50","date_gmt":"2026-04-27T10:31:50","guid":{"rendered":"https:\/\/etab.ac-reunion.fr\/lyc-pierre-poivre\/?p=6946"},"modified":"2026-04-27T10:32:11","modified_gmt":"2026-04-27T10:32:11","slug":"deux-laureates-academiques-du-lycee-en-route-vers-les-olympiades-nationales","status":"publish","type":"post","link":"https:\/\/etab.ac-reunion.fr\/lyc-pierre-poivre\/2026\/04\/27\/deux-laureates-academiques-du-lycee-en-route-vers-les-olympiades-nationales\/","title":{"rendered":"Deux laur\u00e9ates acad\u00e9miques du lyc\u00e9e en route vers les Olympiades nationales"},"content":{"rendered":"<p>\u00c0 l\u2019issue de la conf\u00e9rence, deux \u00e9l\u00e8ves du lyc\u00e9e Pierre Poivre ont \u00e9t\u00e9 mises \u00e0 l\u2019honneur : Eva Lebon et Alianna Hoarau-Ferrere, toutes deux laur\u00e9ates acad\u00e9miques. Elles devraient prochainement repr\u00e9senter l\u2019acad\u00e9mie \u00e0 Paris, o\u00f9 elles participeront aux Olympiades nationales.<\/p>\n<p>Toutes nos f\u00e9licitations,<\/p>\n<p>Cyrille Roure, professeur de SVT<\/p>\n","protected":false},"excerpt":{"rendered":"<p>\u00c0 l\u2019issue de la conf\u00e9rence, deux \u00e9l\u00e8ves du lyc\u00e9e Pierre Poivre ont \u00e9t\u00e9 mises \u00e0 l\u2019honneur : Eva Lebon et Alianna Hoarau-Ferrere, toutes deux laur\u00e9ates acad\u00e9miques. Elles devraient prochainement repr\u00e9senter l\u2019acad\u00e9mie \u00e0 Paris, o\u00f9 elles participeront aux Olympiades nationales. Toutes nos f\u00e9licitations, Cyrille Roure, professeur de SVT<\/p>\n","protected":false},"author":30002,"featured_media":6945,"comment_status":"closed","ping_status":"closed","sticky":false,"template":"","format":"gallery","meta":{"footnotes":""},"categories":[77],"tags":[],"class_list":["post-6946","post","type-post","status-publish","format-gallery","has-post-thumbnail","hentry","category-actualites","post_format-post-format-gallery"],"_links":{"self":[{"href":"https:\/\/etab.ac-reunion.fr\/lyc-pierre-poivre\/wp-json\/wp\/v2\/posts\/6946","targetHints":{"allow":["GET"]}}],"collection":[{"href":"https:\/\/etab.ac-reunion.fr\/lyc-pierre-poivre\/wp-json\/wp\/v2\/posts"}],"about":[{"href":"https:\/\/etab.ac-reunion.fr\/lyc-pierre-poivre\/wp-json\/wp\/v2\/types\/post"}],"author":[{"embeddable":true,"href":"https:\/\/etab.ac-reunion.fr\/lyc-pierre-poivre\/wp-json\/wp\/v2\/users\/30002"}],"replies":[{"embeddable":true,"href":"https:\/\/etab.ac-reunion.fr\/lyc-pierre-poivre\/wp-json\/wp\/v2\/comments?post=6946"}],"version-history":[{"count":1,"href":"https:\/\/etab.ac-reunion.fr\/lyc-pierre-poivre\/wp-json\/wp\/v2\/posts\/6946\/revisions"}],"predecessor-version":[{"id":6947,"href":"https:\/\/etab.ac-reunion.fr\/lyc-pierre-poivre\/wp-json\/wp\/v2\/posts\/6946\/revisions\/6947"}],"wp:featuredmedia":[{"embeddable":true,"href":"https:\/\/etab.ac-reunion.fr\/lyc-pierre-poivre\/wp-json\/wp\/v2\/media\/6945"}],"wp:attachment":[{"href":"https:\/\/etab.ac-reunion.fr\/lyc-pierre-poivre\/wp-json\/wp\/v2\/media?parent=6946"}],"wp:term":[{"taxonomy":"category","embeddable":true,"href":"https:\/\/etab.ac-reunion.fr\/lyc-pierre-poivre\/wp-json\/wp\/v2\/categories?post=6946"},{"taxonomy":"post_tag","embeddable":true,"href":"https:\/\/etab.ac-reunion.fr\/lyc-pierre-poivre\/wp-json\/wp\/v2\/tags?post=6946"}],"curies":[{"name":"wp","href":"https:\/\/api.w.org\/{rel}","templated":true}]}}