{"id":10449,"date":"2025-01-21T14:14:02","date_gmt":"2025-01-21T10:14:02","guid":{"rendered":"https:\/\/etab.ac-reunion.fr\/lyc-roches-maigres\/?p=10449"},"modified":"2025-01-21T14:14:49","modified_gmt":"2025-01-21T10:14:49","slug":"le-lycee-adhere-au-reseau-prodij","status":"publish","type":"post","link":"https:\/\/etab.ac-reunion.fr\/lyc-roches-maigres\/le-lycee-adhere-au-reseau-prodij\/","title":{"rendered":"Le lyc\u00e9e adh\u00e8re au r\u00e9seau PRODIJ"},"content":{"rendered":"<p class=\"p1\"><span class=\"s1\">\ud83d\udea8Le Bureau des Entreprises du Lyc\u00e9e Professionnel Roches Maigres Saint-Louis 974 \ud83c\uddf7\ud83c\uddea<span class=\"Apple-converted-space\">\u00a0 <\/span>permet l\u2019adh\u00e9sion du lyc\u00e9e au r\u00e9seau PRODIJ :<\/span><\/p>\n<p class=\"p1\"><span class=\"s1\">\ud83d\udc49 Adh\u00e9sion \u2728\u2728valid\u00e9e le 21\/01\/25<span class=\"Apple-converted-space\">\u00a0 <\/span>! \u2728\u2728<\/span><\/p>\n<p>&nbsp;<\/p>\n<p class=\"p1\"><span class=\"s1\">\ud83e\uddd0 Mais qu\u2019est ce que PRODIJ ?<\/span><\/p>\n<p class=\"p1\"><span class=\"s1\">PRODIJ est une association dont la vocation est de renforcer et faciliter : <\/span><\/p>\n<p class=\"p1\"><span class=\"s1\">\u25aa\ufe0fles politiques jeunesse mises en place \u00e0 travers l\u2019outillage et l\u2019accompagnement des acteurs jeunesse,<\/span><\/p>\n<p class=\"p1\"><span class=\"s1\">\u25aa\ufe0fl\u2019organisation de rencontres de synergie, de coconstruction entre acteurs et jeunes, <\/span><\/p>\n<p class=\"p1\"><span class=\"s1\">\u25aa\ufe0fla valorisation des initiatives jeunesse sur le territoire r\u00e9unionnais.<\/span><\/p>\n<p>&nbsp;<\/p>\n<p class=\"p1\"><span class=\"s1\">\ud83c\udfafEn termes de mission, PRODIJ propose\u00a0:<\/span><\/p>\n<p class=\"p1\"><span class=\"s1\"><br \/>\n\u2705 Des formations autour de la m\u00e9thodologie de projet et de la valorisation des comp\u00e9tences des jeunes<\/span><\/p>\n<p class=\"p1\"><span class=\"s1\"><br \/>\n\u2705 La cr\u00e9ation d\u2019outils innovants d\u2019accompagnement, de montage\/gestion de projet et de valorisation<\/span><\/p>\n<p class=\"p1\"><span class=\"s1\"><br \/>\n\u2705 L\u2019organisation de rencontres de co-construction entre jeunes et acteurs du territoire pour trouver des solutions concert\u00e9es<\/span><\/p>\n<p class=\"p1\"><span class=\"s1\"><br \/>\n\u2705 Le d\u00e9veloppement d\u2019une synergie des acteurs et jeunes \u00e0 travers l\u2019animation d\u2019un r\u00e9seau afin de favoriser l\u2019interconnaissance, le travail collectif et la s\u00e9curisation des parcours dans l\u2019insertion<\/span><\/p>\n<p class=\"p1\"><span class=\"s1\"><br \/>\n\u2705 Des actions de valorisation de projets jeunes, d\u2019initiatives de jeunes et d\u2019acteurs (rencontres, communication, cr\u00e9ations de supports de valorisation, etc.)<\/span><\/p>\n<p class=\"p1\"><span class=\"s1\"><br \/>\n\u2705 L\u2019animation du Collectif Jeunes PRODIJ<\/span><\/p>\n<p class=\"p1\"><span class=\"s1\">\ud83d\udc49 \u2728\u2728En adh\u00e9rant \u00e0 PRODIJ, c\u2019est choisir de s\u2019engager \u00e0 partager ses ambitions, ses #valeurs et ses comp\u00e9tences au service de l#\u2019\u00e9panouissement de la jeunesse r\u00e9unionnaise \u2728\u2728<\/span><\/p>\n<p class=\"p1\"><span class=\"s1\">\ud83d\udc49 \u2728\u2728 Ensemble nous pouvons faire bouger les choses! \u2728\u2728<\/span><\/p>\n<p>&nbsp;<\/p>\n<p class=\"p1\" style=\"text-align: justify\"><span class=\"s1\">\ud83e\udd29 Votre RBDE adh\u00e8re \u00e9galement en tant que personne physique au r\u00e9seau PRODIJ et participe activement aux \u00e9v\u00e8nements du r\u00e9seau afin de promouvoir le lyc\u00e9e !<\/span><a href=\"https:\/\/etab.ac-reunion.fr\/lyc-roches-maigres\/wp-content\/uploads\/sites\/139\/2025\/01\/IMG_6474.jpeg\"><img loading=\"lazy\" decoding=\"async\" class=\"aligncenter size-full wp-image-10450\" src=\"https:\/\/etab.ac-reunion.fr\/lyc-roches-maigres\/wp-content\/uploads\/sites\/139\/2025\/01\/IMG_6474.jpeg\" alt=\"\" width=\"1242\" height=\"517\" srcset=\"https:\/\/etab.ac-reunion.fr\/lyc-roches-maigres\/wp-content\/uploads\/sites\/139\/2025\/01\/IMG_6474.jpeg 1242w, https:\/\/etab.ac-reunion.fr\/lyc-roches-maigres\/wp-content\/uploads\/sites\/139\/2025\/01\/IMG_6474-300x125.jpeg 300w, https:\/\/etab.ac-reunion.fr\/lyc-roches-maigres\/wp-content\/uploads\/sites\/139\/2025\/01\/IMG_6474-1024x426.jpeg 1024w\" sizes=\"auto, (max-width: 1242px) 100vw, 1242px\" \/><\/a><\/p>\n","protected":false},"excerpt":{"rendered":"<p>\ud83d\udea8Le Bureau des Entreprises du Lyc\u00e9e Professionnel Roches Maigres Saint-Louis 974 \ud83c\uddf7\ud83c\uddea\u00a0 permet l\u2019adh\u00e9sion du lyc\u00e9e au r\u00e9seau PRODIJ : \ud83d\udc49 Adh\u00e9sion \u2728\u2728valid\u00e9e le 21\/01\/25\u00a0 ! \u2728\u2728 &nbsp; \ud83e\uddd0 Mais qu\u2019est ce que PRODIJ ? PRODIJ est une association dont la vocation est de renforcer et faciliter : \u25aa\ufe0fles politiques &hellip;<\/p>\n","protected":false},"author":36673,"featured_media":10450,"comment_status":"closed","ping_status":"closed","sticky":false,"template":"","format":"standard","meta":{"footnotes":""},"categories":[7],"tags":[],"class_list":["post-10449","post","type-post","status-publish","format-standard","has-post-thumbnail","hentry","category-la-vie-du-lycee"],"_links":{"self":[{"href":"https:\/\/etab.ac-reunion.fr\/lyc-roches-maigres\/wp-json\/wp\/v2\/posts\/10449","targetHints":{"allow":["GET"]}}],"collection":[{"href":"https:\/\/etab.ac-reunion.fr\/lyc-roches-maigres\/wp-json\/wp\/v2\/posts"}],"about":[{"href":"https:\/\/etab.ac-reunion.fr\/lyc-roches-maigres\/wp-json\/wp\/v2\/types\/post"}],"author":[{"embeddable":true,"href":"https:\/\/etab.ac-reunion.fr\/lyc-roches-maigres\/wp-json\/wp\/v2\/users\/36673"}],"replies":[{"embeddable":true,"href":"https:\/\/etab.ac-reunion.fr\/lyc-roches-maigres\/wp-json\/wp\/v2\/comments?post=10449"}],"version-history":[{"count":1,"href":"https:\/\/etab.ac-reunion.fr\/lyc-roches-maigres\/wp-json\/wp\/v2\/posts\/10449\/revisions"}],"predecessor-version":[{"id":10451,"href":"https:\/\/etab.ac-reunion.fr\/lyc-roches-maigres\/wp-json\/wp\/v2\/posts\/10449\/revisions\/10451"}],"wp:featuredmedia":[{"embeddable":true,"href":"https:\/\/etab.ac-reunion.fr\/lyc-roches-maigres\/wp-json\/wp\/v2\/media\/10450"}],"wp:attachment":[{"href":"https:\/\/etab.ac-reunion.fr\/lyc-roches-maigres\/wp-json\/wp\/v2\/media?parent=10449"}],"wp:term":[{"taxonomy":"category","embeddable":true,"href":"https:\/\/etab.ac-reunion.fr\/lyc-roches-maigres\/wp-json\/wp\/v2\/categories?post=10449"},{"taxonomy":"post_tag","embeddable":true,"href":"https:\/\/etab.ac-reunion.fr\/lyc-roches-maigres\/wp-json\/wp\/v2\/tags?post=10449"}],"curies":[{"name":"wp","href":"https:\/\/api.w.org\/{rel}","templated":true}]}}