{"id":20360,"date":"2025-12-02T15:15:27","date_gmt":"2025-12-02T11:15:27","guid":{"rendered":"https:\/\/etab.ac-reunion.fr\/lyc-roland-garros\/?p=20360"},"modified":"2025-12-02T15:20:10","modified_gmt":"2025-12-02T11:20:10","slug":"2025-2026_aslrg_raid-a-langevin","status":"publish","type":"post","link":"https:\/\/etab.ac-reunion.fr\/lyc-roland-garros\/2025-2026_aslrg_raid-a-langevin\/","title":{"rendered":"2025-2026_ASLRG_Raid \u00e0 Langevin"},"content":{"rendered":"<blockquote><p>2025-2026 ASLRG Raid \u00e0 Langevin<\/p><\/blockquote>\n<p>L&rsquo;entrainement porte ses fruits.<\/p>\n<p>Apr\u00e8s une journ\u00e9e de formation pour les jeunes officiels (filles et gar\u00e7ons), un entrainement dans la for\u00eat d&rsquo;Etang sal\u00e9 les semaines pr\u00e9c\u00e9dentes, les raideurs et raideuses du lyc\u00e9e ont poursuivi par deux mini raid sur le site de Langevin.<\/p>\n<p>La journ\u00e9e du mercredi 26 novembre ouvre le bal des comp\u00e9titions de raid de la saison. Les \u00e9preuves du jour propos\u00e9es ont \u00e9t\u00e9 \u00e9prouvantes. Mais n&rsquo;est-ce pas l&rsquo;identit\u00e9 m\u00eame de ce sport ?<\/p>\n<p>Sans entraide, sans \u00e9coute, sans solidarit\u00e9, sans soutien des un\u00b7es et des autres lors des \u00ab\u00a0coups de mou\u00a0\u00bb, il est difficile de finir et de surcro\u00eet de faire un bon classement.<\/p>\n<p>Toutes ses valeurs ont \u00e9t\u00e9 incarn\u00e9es et ont permis \u00e0 la section raid de l&rsquo;association sportive du lyc\u00e9e Roland Garros (ASLRG) de monter sur le podium.<\/p>\n<p>F\u00e9licitations aux deux \u00e9quipes:<\/p>\n<p>L&rsquo;\u00e9quipe 1 du jour (Lor\u00e9dan, Mah\u00e9, Moya, Nawel) ont fini premier. A la deuxi\u00e8me, on retrouve le lyc\u00e9e Paul Verg\u00e8s. Et \u00e0 la troisi\u00e8me place la seconde \u00e9quipe de notre lyc\u00e9e (Albane, Cl\u00e9lie, Tom, Ya\u00eblis).<\/p>\n<p>Esp\u00e9rons qu&rsquo;il en sera de m\u00eame pour les prochains raid.<\/p>\n<div id=\"attachment_20361\" style=\"width: 160px\" class=\"wp-caption alignleft\"><a href=\"https:\/\/etab.ac-reunion.fr\/lyc-roland-garros\/wp-content\/uploads\/sites\/142\/2025\/11\/IMG_20251126_Raid_Langevin-0-scaled.jpeg\"><img loading=\"lazy\" decoding=\"async\" aria-describedby=\"caption-attachment-20361\" class=\"wp-image-20361 size-thumbnail\" src=\"https:\/\/etab.ac-reunion.fr\/lyc-roland-garros\/wp-content\/uploads\/sites\/142\/2025\/11\/IMG_20251126_Raid_Langevin-0-150x150.jpeg\" alt=\"des \u00e9l\u00e8ves assis au sol sous les filaos et leur v\u00e9lo pos\u00e9 au sol alors qu'un adulte s'adresse \u00e0 eux\" width=\"150\" height=\"150\" \/><\/a><p id=\"caption-attachment-20361\" class=\"wp-caption-text\">2025_Raid 1_ briefing<\/p><\/div>\n<div id=\"attachment_20362\" style=\"width: 160px\" class=\"wp-caption alignleft\"><a href=\"https:\/\/etab.ac-reunion.fr\/lyc-roland-garros\/wp-content\/uploads\/sites\/142\/2025\/11\/IMG_20251126_Raid_Langevin-1-scaled.jpg\"><img loading=\"lazy\" decoding=\"async\" aria-describedby=\"caption-attachment-20362\" class=\"size-thumbnail wp-image-20362\" src=\"https:\/\/etab.ac-reunion.fr\/lyc-roland-garros\/wp-content\/uploads\/sites\/142\/2025\/11\/IMG_20251126_Raid_Langevin-1-150x150.jpg\" alt=\"\" width=\"150\" height=\"150\" \/><\/a><p id=\"caption-attachment-20362\" class=\"wp-caption-text\">2025_Raid 1_ briefing des \u00e9preuves<\/p><\/div>\n<div id=\"attachment_20363\" style=\"width: 160px\" class=\"wp-caption alignleft\"><a href=\"https:\/\/etab.ac-reunion.fr\/lyc-roland-garros\/wp-content\/uploads\/sites\/142\/2025\/11\/IMG_20251126_Raid_Langevin-2-scaled.jpg\"><img loading=\"lazy\" decoding=\"async\" aria-describedby=\"caption-attachment-20363\" class=\"size-thumbnail wp-image-20363\" src=\"https:\/\/etab.ac-reunion.fr\/lyc-roland-garros\/wp-content\/uploads\/sites\/142\/2025\/11\/IMG_20251126_Raid_Langevin-2-150x150.jpg\" alt=\"\" width=\"150\" height=\"150\" \/><\/a><p id=\"caption-attachment-20363\" class=\"wp-caption-text\">2025_Raid 1_ biathlon quille finlandaise<\/p><\/div>\n<div id=\"attachment_20366\" style=\"width: 160px\" class=\"wp-caption alignleft\"><a href=\"https:\/\/etab.ac-reunion.fr\/lyc-roland-garros\/wp-content\/uploads\/sites\/142\/2025\/11\/IMG_20251126_Raid_Langevin-5-scaled.jpg\"><img loading=\"lazy\" decoding=\"async\" aria-describedby=\"caption-attachment-20366\" class=\"size-thumbnail wp-image-20366\" src=\"https:\/\/etab.ac-reunion.fr\/lyc-roland-garros\/wp-content\/uploads\/sites\/142\/2025\/11\/IMG_20251126_Raid_Langevin-5-150x150.jpg\" alt=\"\" width=\"150\" height=\"150\" \/><\/a><p id=\"caption-attachment-20366\" class=\"wp-caption-text\">2025_Raid 1_C.O<\/p><\/div>\n<div id=\"attachment_20367\" style=\"width: 160px\" class=\"wp-caption alignleft\"><a href=\"https:\/\/etab.ac-reunion.fr\/lyc-roland-garros\/wp-content\/uploads\/sites\/142\/2025\/11\/IMG_20251126_Raid_Langevin-6-scaled.jpg\"><img loading=\"lazy\" decoding=\"async\" aria-describedby=\"caption-attachment-20367\" class=\"size-thumbnail wp-image-20367\" src=\"https:\/\/etab.ac-reunion.fr\/lyc-roland-garros\/wp-content\/uploads\/sites\/142\/2025\/11\/IMG_20251126_Raid_Langevin-6-150x150.jpg\" alt=\"\" width=\"150\" height=\"150\" \/><\/a><p id=\"caption-attachment-20367\" class=\"wp-caption-text\">2025_Raid 1_ <br \/>Road book<\/p><\/div>\n<div id=\"attachment_20368\" style=\"width: 160px\" class=\"wp-caption alignnone\"><a href=\"https:\/\/etab.ac-reunion.fr\/lyc-roland-garros\/wp-content\/uploads\/sites\/142\/2025\/11\/IMG_20251126_Raid_Langevin-7.jpg\"><img loading=\"lazy\" decoding=\"async\" aria-describedby=\"caption-attachment-20368\" class=\"wp-image-20368 size-thumbnail\" src=\"https:\/\/etab.ac-reunion.fr\/lyc-roland-garros\/wp-content\/uploads\/sites\/142\/2025\/11\/IMG_20251126_Raid_Langevin-7-150x150.jpg\" alt=\"El\u00e8ves qui posent avec leur m\u00e9daille\" width=\"150\" height=\"150\" \/><\/a><p id=\"caption-attachment-20368\" class=\"wp-caption-text\">2025_Raid 1_les m\u00e9daill\u00e9s<\/p><\/div>\n<p>&nbsp;<\/p>\n","protected":false},"excerpt":{"rendered":"<p>2025-2026 ASLRG Raid \u00e0 Langevin L&rsquo;entrainement porte ses fruits. Apr\u00e8s une journ\u00e9e de formation pour les jeunes officiels (filles et gar\u00e7ons), un entrainement dans la for\u00eat d&rsquo;Etang sal\u00e9 les semaines pr\u00e9c\u00e9dentes, les raideurs et raideuses du lyc\u00e9e ont poursuivi par deux mini raid sur le site de Langevin. La journ\u00e9e&#8230;<\/p>\n<p> <a class=\"continue-reading-link\" href=\"https:\/\/etab.ac-reunion.fr\/lyc-roland-garros\/2025-2026_aslrg_raid-a-langevin\/\"><span>Lire plus<\/span><i class=\"crycon-right-dir\"><\/i><\/a> <\/p>\n","protected":false},"author":11307,"featured_media":0,"comment_status":"closed","ping_status":"closed","sticky":false,"template":"","format":"standard","meta":{"footnotes":"","_links_to":"","_links_to_target":""},"categories":[48,148],"tags":[303,455,313,238],"class_list":["post-20360","post","type-post","status-publish","format-standard","hentry","category-aslrg","category-education-physique-et-sportive","tag-aslrg","tag-association-sportive","tag-eps","tag-raid"],"_links":{"self":[{"href":"https:\/\/etab.ac-reunion.fr\/lyc-roland-garros\/wp-json\/wp\/v2\/posts\/20360","targetHints":{"allow":["GET"]}}],"collection":[{"href":"https:\/\/etab.ac-reunion.fr\/lyc-roland-garros\/wp-json\/wp\/v2\/posts"}],"about":[{"href":"https:\/\/etab.ac-reunion.fr\/lyc-roland-garros\/wp-json\/wp\/v2\/types\/post"}],"author":[{"embeddable":true,"href":"https:\/\/etab.ac-reunion.fr\/lyc-roland-garros\/wp-json\/wp\/v2\/users\/11307"}],"replies":[{"embeddable":true,"href":"https:\/\/etab.ac-reunion.fr\/lyc-roland-garros\/wp-json\/wp\/v2\/comments?post=20360"}],"version-history":[{"count":5,"href":"https:\/\/etab.ac-reunion.fr\/lyc-roland-garros\/wp-json\/wp\/v2\/posts\/20360\/revisions"}],"predecessor-version":[{"id":20379,"href":"https:\/\/etab.ac-reunion.fr\/lyc-roland-garros\/wp-json\/wp\/v2\/posts\/20360\/revisions\/20379"}],"wp:attachment":[{"href":"https:\/\/etab.ac-reunion.fr\/lyc-roland-garros\/wp-json\/wp\/v2\/media?parent=20360"}],"wp:term":[{"taxonomy":"category","embeddable":true,"href":"https:\/\/etab.ac-reunion.fr\/lyc-roland-garros\/wp-json\/wp\/v2\/categories?post=20360"},{"taxonomy":"post_tag","embeddable":true,"href":"https:\/\/etab.ac-reunion.fr\/lyc-roland-garros\/wp-json\/wp\/v2\/tags?post=20360"}],"curies":[{"name":"wp","href":"https:\/\/api.w.org\/{rel}","templated":true}]}}