{"id":1048,"date":"2015-10-30T23:23:25","date_gmt":"2015-10-30T19:23:25","guid":{"rendered":"http:\/\/lycee-rontaunay.ac-reunion.fr\/?p=1048"},"modified":"2015-11-22T23:26:20","modified_gmt":"2015-11-22T19:26:20","slug":"nouveau-le-cafe-des-parents","status":"publish","type":"post","link":"https:\/\/etab.ac-reunion.fr\/lyc-rontaunay\/nouveau-le-cafe-des-parents\/","title":{"rendered":"Le caf\u00e9 des parents du 8 novembre 2014"},"content":{"rendered":"<p style=\"text-align: justify\">Le 1er rendez-vous 2014 du \u00ab\u00a0<strong>CAF\u00c9 DES PARENTS<\/strong>\u00a0\u00bb a \u00e9t\u00e9 fix\u00e9 au <strong>samedi 8 novembre 2014 de 8h15 \u00e0 10h15<\/strong> au lyc\u00e9e en salle B011.<\/p>\n<p style=\"text-align: justify\">On vous attend nombreux, autour d&rsquo;un caf\u00e9, petits g\u00e2teaux, pour discuter, \u00e9changer, s&rsquo;informer&#8230; sur le th\u00e8me :<\/p>\n<p style=\"text-align: justify\"><strong>LA COMMUNICATION ENTRE PARENTS ET ADOLESCENTS.<\/strong><\/p>\n<p style=\"text-align: justify\">Pour tout renseignement compl\u00e9mentaire vous pouvez contacter Me CHANE SON (Conseill\u00e8re Principale d\u2019\u00c9ducation) au 0262 90 90 32.<\/p>\n<p style=\"text-align: justify\"><span style=\"color: #0000ff\"><a style=\"color: #0000ff\" title=\"caf\u00e9 des parents\" href=\"https:\/\/etab.ac-reunion.fr\/lyc-rontaunay\/wp-content\/uploads\/sites\/34\/2014\/11\/Caf\u00e9-des-parents1.pdf\" target=\"_blank\"><em><span style=\"text-decoration: underline\"><strong>Les objectifs du \u00ab\u00a0Caf\u00e9 des Parents : (cliquer ici)<\/strong><\/span><\/em><\/a><\/span><\/p>\n<p style=\"text-align: justify\">\n<p style=\"text-align: justify\">\n<!-- AddThis Advanced Settings generic via filter on the_content --><!-- AddThis Share Buttons generic via filter on the_content -->","protected":false},"excerpt":{"rendered":"<p>Le 1er rendez-vous 2014 du \u00ab\u00a0CAF\u00c9 DES PARENTS\u00a0\u00bb a \u00e9t\u00e9 fix\u00e9 au samedi 8 novembre 2014 de 8h15 \u00e0 10h15 au lyc\u00e9e en salle B011. On vous attend nombreux, autour [&hellip;]<!-- AddThis Advanced Settings generic via filter on get_the_excerpt --><!-- AddThis Share Buttons generic via filter on get_the_excerpt --><\/p>\n","protected":false},"author":126,"featured_media":1050,"comment_status":"closed","ping_status":"open","sticky":false,"template":"","format":"standard","meta":{"_et_pb_use_builder":"","_et_pb_old_content":"","_et_gb_content_width":"","footnotes":"","_links_to":"","_links_to_target":""},"categories":[9],"tags":[],"class_list":["post-1048","post","type-post","status-publish","format-standard","has-post-thumbnail","hentry","category-actualites"],"_links":{"self":[{"href":"https:\/\/etab.ac-reunion.fr\/lyc-rontaunay\/wp-json\/wp\/v2\/posts\/1048","targetHints":{"allow":["GET"]}}],"collection":[{"href":"https:\/\/etab.ac-reunion.fr\/lyc-rontaunay\/wp-json\/wp\/v2\/posts"}],"about":[{"href":"https:\/\/etab.ac-reunion.fr\/lyc-rontaunay\/wp-json\/wp\/v2\/types\/post"}],"author":[{"embeddable":true,"href":"https:\/\/etab.ac-reunion.fr\/lyc-rontaunay\/wp-json\/wp\/v2\/users\/126"}],"replies":[{"embeddable":true,"href":"https:\/\/etab.ac-reunion.fr\/lyc-rontaunay\/wp-json\/wp\/v2\/comments?post=1048"}],"version-history":[{"count":13,"href":"https:\/\/etab.ac-reunion.fr\/lyc-rontaunay\/wp-json\/wp\/v2\/posts\/1048\/revisions"}],"predecessor-version":[{"id":1826,"href":"https:\/\/etab.ac-reunion.fr\/lyc-rontaunay\/wp-json\/wp\/v2\/posts\/1048\/revisions\/1826"}],"wp:featuredmedia":[{"embeddable":true,"href":"https:\/\/etab.ac-reunion.fr\/lyc-rontaunay\/wp-json\/wp\/v2\/media\/1050"}],"wp:attachment":[{"href":"https:\/\/etab.ac-reunion.fr\/lyc-rontaunay\/wp-json\/wp\/v2\/media?parent=1048"}],"wp:term":[{"taxonomy":"category","embeddable":true,"href":"https:\/\/etab.ac-reunion.fr\/lyc-rontaunay\/wp-json\/wp\/v2\/categories?post=1048"},{"taxonomy":"post_tag","embeddable":true,"href":"https:\/\/etab.ac-reunion.fr\/lyc-rontaunay\/wp-json\/wp\/v2\/tags?post=1048"}],"curies":[{"name":"wp","href":"https:\/\/api.w.org\/{rel}","templated":true}]}}