{"id":1067,"date":"2014-11-04T00:44:53","date_gmt":"2014-11-03T20:44:53","guid":{"rendered":"http:\/\/lycee-rontaunay.ac-reunion.fr\/?p=1067"},"modified":"2014-12-08T16:31:41","modified_gmt":"2014-12-08T12:31:41","slug":"fete-de-la-science-23eme-edition","status":"publish","type":"post","link":"https:\/\/etab.ac-reunion.fr\/lyc-rontaunay\/fete-de-la-science-23eme-edition\/","title":{"rendered":"F\u00eate de la science : 23\u00e8me \u00e9dition"},"content":{"rendered":"<p style=\"text-align: justify\">\u00ab\u00a0La f\u00eate de la science est devenue un \u00e9v\u00e9nement incontournable chaque ann\u00e9e. C\u2019est l\u2019occasion de d\u00e9couvrir le monde des sciences et de rencontrer les femmes et les hommes qui font la science d&rsquo;aujourd&rsquo;hui. C&rsquo;est une opportunit\u00e9 pour les jeunes de s\u2019informer, d\u2019exp\u00e9rimenter, de poser des questions aux chercheurs, et pourquoi pas de se d\u00e9couvrir une vocation gr\u00e2ce \u00e0 l&rsquo;\u00e9change d&rsquo;id\u00e9es et d&rsquo;exp\u00e9riences avec ceux qui pratiquent la science au quotidien.<\/p>\n<p style=\"text-align: justify\">Bonne f\u00eate de la science \u00e0 tous\u00a0\u00bb<\/p>\n<p style=\"text-align: justify\">\nLe Pr\u00e9sident de Sciences R\u00e9union<br \/>\nBernard Colinet (<em>Extrait de l&rsquo;\u00e9dito<\/em>)<\/p>\n<p><a title=\"f\u00eate de la science\" href=\"https:\/\/etab.ac-reunion.fr\/lyc-rontaunay\/wp-content\/uploads\/sites\/34\/2014\/11\/brochure_fete_de_la_science.pdf\" target=\"_blank\"><em><span style=\"text-decoration: underline\"><strong>(Voir la brochure compl\u00e8te)<\/strong><\/span><\/em><\/a><\/p>\n<!-- AddThis Advanced Settings generic via filter on the_content --><!-- AddThis Share Buttons generic via filter on the_content -->","protected":false},"excerpt":{"rendered":"<p>\u00ab\u00a0La f\u00eate de la science est devenue un \u00e9v\u00e9nement incontournable chaque ann\u00e9e. C\u2019est l\u2019occasion de d\u00e9couvrir le monde des sciences et de rencontrer les femmes et les hommes qui font [&hellip;]<!-- AddThis Advanced Settings generic via filter on get_the_excerpt --><!-- AddThis Share Buttons generic via filter on get_the_excerpt --><\/p>\n","protected":false},"author":126,"featured_media":1068,"comment_status":"closed","ping_status":"closed","sticky":false,"template":"","format":"standard","meta":{"_et_pb_use_builder":"","_et_pb_old_content":"","_et_gb_content_width":"","footnotes":"","_links_to":"","_links_to_target":""},"categories":[13],"tags":[],"class_list":["post-1067","post","type-post","status-publish","format-standard","has-post-thumbnail","hentry","category-evenements"],"_links":{"self":[{"href":"https:\/\/etab.ac-reunion.fr\/lyc-rontaunay\/wp-json\/wp\/v2\/posts\/1067","targetHints":{"allow":["GET"]}}],"collection":[{"href":"https:\/\/etab.ac-reunion.fr\/lyc-rontaunay\/wp-json\/wp\/v2\/posts"}],"about":[{"href":"https:\/\/etab.ac-reunion.fr\/lyc-rontaunay\/wp-json\/wp\/v2\/types\/post"}],"author":[{"embeddable":true,"href":"https:\/\/etab.ac-reunion.fr\/lyc-rontaunay\/wp-json\/wp\/v2\/users\/126"}],"replies":[{"embeddable":true,"href":"https:\/\/etab.ac-reunion.fr\/lyc-rontaunay\/wp-json\/wp\/v2\/comments?post=1067"}],"version-history":[{"count":2,"href":"https:\/\/etab.ac-reunion.fr\/lyc-rontaunay\/wp-json\/wp\/v2\/posts\/1067\/revisions"}],"predecessor-version":[{"id":1071,"href":"https:\/\/etab.ac-reunion.fr\/lyc-rontaunay\/wp-json\/wp\/v2\/posts\/1067\/revisions\/1071"}],"wp:featuredmedia":[{"embeddable":true,"href":"https:\/\/etab.ac-reunion.fr\/lyc-rontaunay\/wp-json\/wp\/v2\/media\/1068"}],"wp:attachment":[{"href":"https:\/\/etab.ac-reunion.fr\/lyc-rontaunay\/wp-json\/wp\/v2\/media?parent=1067"}],"wp:term":[{"taxonomy":"category","embeddable":true,"href":"https:\/\/etab.ac-reunion.fr\/lyc-rontaunay\/wp-json\/wp\/v2\/categories?post=1067"},{"taxonomy":"post_tag","embeddable":true,"href":"https:\/\/etab.ac-reunion.fr\/lyc-rontaunay\/wp-json\/wp\/v2\/tags?post=1067"}],"curies":[{"name":"wp","href":"https:\/\/api.w.org\/{rel}","templated":true}]}}