{"id":1078,"date":"2014-11-09T14:44:03","date_gmt":"2014-11-09T10:44:03","guid":{"rendered":"http:\/\/lycee-rontaunay.ac-reunion.fr\/?p=1078"},"modified":"2014-12-09T14:01:43","modified_gmt":"2014-12-09T10:01:43","slug":"salon-regional-de-la-jeunesse-2014","status":"publish","type":"post","link":"https:\/\/etab.ac-reunion.fr\/lyc-rontaunay\/salon-regional-de-la-jeunesse-2014\/","title":{"rendered":"Salon R\u00e9gional de la jeunesse 2014"},"content":{"rendered":"<div class=\"main\">\n<div class=\"pages edito\">\n<section class=\"container\">\n<div class=\"row\">\n<div class=\"col-md-6\">\n<h1>Le mot du pr\u00e9sident de la R\u00e9gion<\/h1>\n<\/div>\n<\/div>\n<div class=\"row\">\n<div class=\"col-md-12\">\n<p style=\"text-align: justify\">Le Salon R\u00e9gional de la Jeunesse occupe une place toute particuli\u00e8re dans le calendrier 2014, une ann\u00e9e que nous avons inscrite, avec les \u00e9lus, sous le signe de la Jeunesse et de la R\u00e9ussite. <a title=\"Site  du salon de la jeunesse 2014\" href=\"http:\/\/www.salon-regional-jeunesse.re\/index.php\" target=\"_blank\">(Site du Salon : cliquer ici)<\/a><\/p>\n<p style=\"text-align: justify\">La R\u00e9union a besoin de sa jeunesse, une jeunesse form\u00e9e, une jeunesse qui s&rsquo;\u00e9mancipe et s&rsquo;ins\u00e8re dans le monde professionnel, une jeunesse \u00e9panouie et fi\u00e8re.<\/p>\n<p style=\"text-align: justify\">Cette ann\u00e9e, la Collectivit\u00e9 a engag\u00e9 317 millions d&rsquo;euros pour les jeunes R\u00e9unionnais dans le cadre d&rsquo;un Plan R\u00e9gional Jeunesse.<br \/>\nDes mesures fortes d\u00e9j\u00e0 existantes ont \u00e9t\u00e9 renforc\u00e9es, comme l&rsquo;apprentissage auquel nous consacrons 33 millions d&rsquo;euros dans l&rsquo;objectif d&rsquo;accueillir 5000 apprentis cette ann\u00e9e\u00a0; Un accent particulier sur les aides \u00e0 la mobilit\u00e9, avec un engagement de plus de 14 millions d&rsquo;euros pour permettre aux jeunes d&rsquo;aller \u00e9tudier, se former\u00a0;<br \/>\nUn encouragement des jeunes \u00e0 participer \u00e0 des comp\u00e9titions sportives \u00e0 l&rsquo;ext\u00e9rieur de l&rsquo;\u00eele&#8230;\u00a0;<br \/>\nLe d\u00e9veloppement acc\u00e9l\u00e9r\u00e9 du num\u00e9rique avec l&rsquo;\u00e9quipement des lyc\u00e9ens (75 000 b\u00e9n\u00e9ficiaires du Plan Ordinateur Portable) ainsi que la cr\u00e9ation des zones wifi s\u00e9curis\u00e9es dans tous les \u00e9tablissements publics de l&rsquo;\u00eele)&#8230;<\/p>\n<p style=\"text-align: justify\">Autant de dispositifs et d&rsquo;actions pour mieux accompagner les jeunes afin de les rapprocher du monde de l&rsquo;entreprise, de l&#8217;emploi.<\/p>\n<p style=\"text-align: justify\">Cette ann\u00e9e a \u00e9t\u00e9 marqu\u00e9e par l&rsquo;organisation d&rsquo;Ateliers R\u00e9gionaux de la Jeunesse. Des ateliers pour que les jeunes R\u00e9unionnais s&rsquo;expriment et fassent part de leurs attentes, de leurs id\u00e9es et s&rsquo;impliquent pour l&rsquo;avenir de leur \u00eele.<\/p>\n<p style=\"text-align: justify\"><strong>C&rsquo;est un v\u00e9ritable \u00ab\u00a0Pacte R\u00e9gional de la Jeunesse\u00a0\u00bb issu de ces consultations qui sera d\u00e9voil\u00e9 lors du Salon R\u00e9gional de la Jeunesse.<\/strong><br \/>\nIl nous permettra de poser de nouveaux engagements en faveur de la r\u00e9ussite des Jeunes pour les prochaines ann\u00e9es.<\/p>\n<p style=\"text-align: justify\">Parce que c&rsquo;est avec les jeunes que je veux dessiner le visage de La R\u00e9union de demain. Une R\u00e9union plus imaginative, une R\u00e9union plus ouverte sur le monde et plus juste.<\/p>\n<\/div>\n<\/div>\n<\/section>\n<\/div>\n<\/div>\n<div class=\"push\" style=\"text-align: justify\"><\/div>\n<p style=\"text-align: justify\">Les \u00e9l\u00e8ves de la T ARCU assureront l&rsquo;accueil des visiteurs durant les 3 jours du salon. En partenariat avec les 6 autres lyc\u00e9es de l&rsquo;\u00eele proposant cette formation, 3 \u00e9tudiants de BTS et leur professeur pr\u00e9senteront le BTS AG PME-PMI.\u00a0 <a title=\"Site  du salon de la jeunesse 2014\" href=\"http:\/\/www.salon-regional-jeunesse.re\/index.php\" target=\"_blank\">(Site du Salon : cliquer ici)<\/a><\/p>\n<!-- AddThis Advanced Settings generic via filter on the_content --><!-- AddThis Share Buttons generic via filter on the_content -->","protected":false},"excerpt":{"rendered":"<p>Le mot du pr\u00e9sident de la R\u00e9gion Le Salon R\u00e9gional de la Jeunesse occupe une place toute particuli\u00e8re dans le calendrier 2014, une ann\u00e9e que nous avons inscrite, avec les [&hellip;]<!-- AddThis Advanced Settings generic via filter on get_the_excerpt --><!-- AddThis Share Buttons generic via filter on get_the_excerpt --><\/p>\n","protected":false},"author":126,"featured_media":1079,"comment_status":"closed","ping_status":"closed","sticky":false,"template":"","format":"standard","meta":{"_et_pb_use_builder":"","_et_pb_old_content":"","_et_gb_content_width":"","footnotes":"","_links_to":"","_links_to_target":""},"categories":[13],"tags":[],"class_list":["post-1078","post","type-post","status-publish","format-standard","has-post-thumbnail","hentry","category-evenements"],"_links":{"self":[{"href":"https:\/\/etab.ac-reunion.fr\/lyc-rontaunay\/wp-json\/wp\/v2\/posts\/1078","targetHints":{"allow":["GET"]}}],"collection":[{"href":"https:\/\/etab.ac-reunion.fr\/lyc-rontaunay\/wp-json\/wp\/v2\/posts"}],"about":[{"href":"https:\/\/etab.ac-reunion.fr\/lyc-rontaunay\/wp-json\/wp\/v2\/types\/post"}],"author":[{"embeddable":true,"href":"https:\/\/etab.ac-reunion.fr\/lyc-rontaunay\/wp-json\/wp\/v2\/users\/126"}],"replies":[{"embeddable":true,"href":"https:\/\/etab.ac-reunion.fr\/lyc-rontaunay\/wp-json\/wp\/v2\/comments?post=1078"}],"version-history":[{"count":6,"href":"https:\/\/etab.ac-reunion.fr\/lyc-rontaunay\/wp-json\/wp\/v2\/posts\/1078\/revisions"}],"predecessor-version":[{"id":1085,"href":"https:\/\/etab.ac-reunion.fr\/lyc-rontaunay\/wp-json\/wp\/v2\/posts\/1078\/revisions\/1085"}],"wp:featuredmedia":[{"embeddable":true,"href":"https:\/\/etab.ac-reunion.fr\/lyc-rontaunay\/wp-json\/wp\/v2\/media\/1079"}],"wp:attachment":[{"href":"https:\/\/etab.ac-reunion.fr\/lyc-rontaunay\/wp-json\/wp\/v2\/media?parent=1078"}],"wp:term":[{"taxonomy":"category","embeddable":true,"href":"https:\/\/etab.ac-reunion.fr\/lyc-rontaunay\/wp-json\/wp\/v2\/categories?post=1078"},{"taxonomy":"post_tag","embeddable":true,"href":"https:\/\/etab.ac-reunion.fr\/lyc-rontaunay\/wp-json\/wp\/v2\/tags?post=1078"}],"curies":[{"name":"wp","href":"https:\/\/api.w.org\/{rel}","templated":true}]}}