{"id":1725,"date":"2015-05-23T16:37:39","date_gmt":"2015-05-23T12:37:39","guid":{"rendered":"http:\/\/lycee-rontaunay.ac-reunion.fr\/?p=1725"},"modified":"2015-11-02T15:54:12","modified_gmt":"2015-11-02T11:54:12","slug":"derniere-seance-du-cafe-des-parents","status":"publish","type":"post","link":"https:\/\/etab.ac-reunion.fr\/lyc-rontaunay\/derniere-seance-du-cafe-des-parents\/","title":{"rendered":"Derni\u00e8re s\u00e9ance du caf\u00e9 des parents 23.05.15"},"content":{"rendered":"<h1>S\u00e9ance du 23 mai 2015<\/h1>\n<p style=\"text-align: justify\">Le caf\u00e9 des parents s\u2019est r\u00e9uni pour sa derni\u00e8re s\u00e9ance le Samedi 23 Mai de 8h15 \u00e0 10h15 en salle B 206. Le th\u00e8me a \u00e9t\u00e9 abord\u00e9 sous forme de conf\u00e9rence\/d\u00e9bat anim\u00e9e par Mme Le Duigou, animatrice au sein de l&rsquo;association \u00ab\u00a0L&rsquo;Arbre \u00e0 grandir\u00a0\u00bb:<br \/>\n\u00ab\u00a0<strong>Des cl\u00e9s pour mieux communiquer avec l&rsquo;ado dans la bienveillance<\/strong>\u00a0\u00bb<br \/>\nLes parents et les membres de la communaut\u00e9 scolaire ont \u00e9t\u00e9 nombreux \u00e0 participer, ce qui a permis une belle journ\u00e9e, dans l\u2019\u00e9change et la convivialit\u00e9.<\/p>\n<p><span style=\"text-decoration: underline;color: #003366\"><strong><em><a href=\"https:\/\/etab.ac-reunion.fr\/lyc-rontaunay\/2015\/09\/07\/galerie-dimage-cafe-des-parents-du-23-mai-2015\/\" target=\"_blank\">Visiter notre galerie d&rsquo;images (cliquez ici)<\/a><\/em><\/strong><\/span><\/p>\n<!-- AddThis Advanced Settings generic via filter on the_content --><!-- AddThis Share Buttons generic via filter on the_content -->","protected":false},"excerpt":{"rendered":"<p>S\u00e9ance du 23 mai 2015 Le caf\u00e9 des parents s\u2019est r\u00e9uni pour sa derni\u00e8re s\u00e9ance le Samedi 23 Mai de 8h15 \u00e0 10h15 en salle B 206. Le th\u00e8me a [&hellip;]<!-- AddThis Advanced Settings generic via filter on get_the_excerpt --><!-- AddThis Share Buttons generic via filter on get_the_excerpt --><\/p>\n","protected":false},"author":126,"featured_media":1729,"comment_status":"closed","ping_status":"closed","sticky":false,"template":"","format":"standard","meta":{"_et_pb_use_builder":"","_et_pb_old_content":"","_et_gb_content_width":"","footnotes":"","_links_to":"","_links_to_target":""},"categories":[9],"tags":[],"class_list":["post-1725","post","type-post","status-publish","format-standard","has-post-thumbnail","hentry","category-actualites"],"_links":{"self":[{"href":"https:\/\/etab.ac-reunion.fr\/lyc-rontaunay\/wp-json\/wp\/v2\/posts\/1725","targetHints":{"allow":["GET"]}}],"collection":[{"href":"https:\/\/etab.ac-reunion.fr\/lyc-rontaunay\/wp-json\/wp\/v2\/posts"}],"about":[{"href":"https:\/\/etab.ac-reunion.fr\/lyc-rontaunay\/wp-json\/wp\/v2\/types\/post"}],"author":[{"embeddable":true,"href":"https:\/\/etab.ac-reunion.fr\/lyc-rontaunay\/wp-json\/wp\/v2\/users\/126"}],"replies":[{"embeddable":true,"href":"https:\/\/etab.ac-reunion.fr\/lyc-rontaunay\/wp-json\/wp\/v2\/comments?post=1725"}],"version-history":[{"count":5,"href":"https:\/\/etab.ac-reunion.fr\/lyc-rontaunay\/wp-json\/wp\/v2\/posts\/1725\/revisions"}],"predecessor-version":[{"id":1815,"href":"https:\/\/etab.ac-reunion.fr\/lyc-rontaunay\/wp-json\/wp\/v2\/posts\/1725\/revisions\/1815"}],"wp:featuredmedia":[{"embeddable":true,"href":"https:\/\/etab.ac-reunion.fr\/lyc-rontaunay\/wp-json\/wp\/v2\/media\/1729"}],"wp:attachment":[{"href":"https:\/\/etab.ac-reunion.fr\/lyc-rontaunay\/wp-json\/wp\/v2\/media?parent=1725"}],"wp:term":[{"taxonomy":"category","embeddable":true,"href":"https:\/\/etab.ac-reunion.fr\/lyc-rontaunay\/wp-json\/wp\/v2\/categories?post=1725"},{"taxonomy":"post_tag","embeddable":true,"href":"https:\/\/etab.ac-reunion.fr\/lyc-rontaunay\/wp-json\/wp\/v2\/tags?post=1725"}],"curies":[{"name":"wp","href":"https:\/\/api.w.org\/{rel}","templated":true}]}}