{"id":1836,"date":"2015-11-25T19:46:57","date_gmt":"2015-11-25T15:46:57","guid":{"rendered":"http:\/\/lycee-rontaunay.ac-reunion.fr\/?p=1836"},"modified":"2015-11-25T19:46:41","modified_gmt":"2015-11-25T15:46:41","slug":"26-novembre-journee-sur-les-violences-faites-aux-femmes","status":"publish","type":"post","link":"https:\/\/etab.ac-reunion.fr\/lyc-rontaunay\/26-novembre-journee-sur-les-violences-faites-aux-femmes\/","title":{"rendered":"26 novembre : Journ\u00e9e sur les  violences faites aux femmes"},"content":{"rendered":"<h1>J&rsquo;ai re\u00e7u des fleurs aujourd&rsquo;hui<\/h1>\n<p><strong><em>J&rsquo;ai re\u00e7u des fleurs, Aujourd&rsquo;hui&#8230;<\/em><\/strong><\/p>\n<p>Ce n&rsquo;\u00e9tait pas mon anniversaire ni autre jour sp\u00e9cial.<\/p>\n<p>Nous avons eu notre premi\u00e8re dispute hier dans la nuit et<\/p>\n<p>il m&rsquo;a dit beaucoup de choses cruelles qui m&rsquo;ont vraiment bless\u00e9e.<\/p>\n<p>Je sais qu&rsquo;il est d\u00e9sol\u00e9 et qu&rsquo;il n&rsquo;a pas voulu dire les choses qu&rsquo;il a dites parce qu&rsquo;il m&rsquo;a envoy\u00e9 des fleurs aujourd&rsquo;hui.<\/p>\n<p>&nbsp;<\/p>\n<p><strong><em>J&rsquo;ai re\u00e7u des fleurs, Aujourd&rsquo;hui&#8230;<\/em><\/strong><\/p>\n<p>Ce n&rsquo;\u00e9tait pas mon anniversaire ni un autre jour sp\u00e9cial.<\/p>\n<p>Hier dans la nuit, il m&rsquo;a pouss\u00e9 contre un mur et a commenc\u00e9 \u00e0 m&rsquo;\u00e9trangler.<\/p>\n<p>\u00c7a ressemblait \u00e0 un cauchemar, je ne pouvais croire que c&rsquo;\u00e9tait r\u00e9el.<\/p>\n<p>Je me suis r\u00e9veill\u00e9e ce matin le corps douloureux et meurtri.<\/p>\n<p>Je sais qu&rsquo;il doit \u00eatre d\u00e9sol\u00e9 parce qu&rsquo;il m&rsquo;a envoy\u00e9 des fleurs aujourd&rsquo;hui.<\/p>\n<p>&nbsp;<\/p>\n<p><strong><em>J&rsquo;ai re\u00e7u des fleurs, Aujourd&rsquo;hui&#8230;<\/em><\/strong><\/p>\n<p>Et ce n&rsquo;\u00e9tait la f\u00eate des m\u00e8res ni un autre jour sp\u00e9cial.<\/p>\n<p>Hier, dans la nuit, il m&rsquo;a de nouveau battue, c&rsquo;\u00e9tait plus violent que les autres fois.<\/p>\n<p>Si je le quitte, que deviendrais-je ?<\/p>\n<p>Comment prendre soin de mes enfants ? Et les probl\u00e8mes financiers ?<\/p>\n<p>J&rsquo;ai peur de lui mais je suis effray\u00e9e de partir.<\/p>\n<p>Mais je sais qu&rsquo;il doit \u00eatre d\u00e9sol\u00e9 parce qu&rsquo;il m&rsquo;a envoy\u00e9 des fleurs aujourd&rsquo;hui.<\/p>\n<p>&nbsp;<\/p>\n<p><strong><em>J&rsquo;ai re\u00e7u des fleurs, Aujourd&rsquo;hui&#8230;<\/em><\/strong><\/p>\n<p>Aujourd\u2019hui c&rsquo;\u00e9tait un jour tr\u00e8s sp\u00e9cial, <em><strong>c&rsquo;\u00e9tait le jour de mes fun\u00e9railles.<\/strong><\/em><\/p>\n<p>Hier, dans la nuit, il m&rsquo;a finalement tu\u00e9e.<\/p>\n<p><em><strong>Il m&rsquo;a battue \u00e0 mort.<\/strong><\/em><\/p>\n<p>Si seulement j&rsquo;avais trouv\u00e9 le courage de le quitter.<\/p>\n<p><em><strong>Je n&rsquo;aurais pas re\u00e7u de fleurs aujourd&rsquo;hui.<\/strong><\/em><\/p>\n<p>&nbsp;<\/p>\n<p style=\"text-align: right\"><a href=\"https:\/\/etab.ac-reunion.fr\/lyc-rontaunay\/2015\/11\/23\/26-novembre-journee-sur-les-violences-faites-aux-femmes\/affiche-violences-faites-aux-femmes-2\/\" rel=\"attachment wp-att-220\"><img loading=\"lazy\" decoding=\"async\" class=\" wp-image-220 aligncenter\" src=\"https:\/\/etab.ac-reunion.fr\/lyc-rontaunay\/wp-content\/uploads\/sites\/34\/2013\/11\/affiche-violences-faites-aux-femmes-2-300x136.jpg\" alt=\"affiche violences faites aux femmes 2\" width=\"315\" height=\"143\" srcset=\"https:\/\/etab.ac-reunion.fr\/lyc-rontaunay\/wp-content\/uploads\/sites\/34\/2013\/11\/affiche-violences-faites-aux-femmes-2-300x136.jpg 300w, https:\/\/etab.ac-reunion.fr\/lyc-rontaunay\/wp-content\/uploads\/sites\/34\/2013\/11\/affiche-violences-faites-aux-femmes-2.jpg 574w\" sizes=\"(max-width: 315px) 100vw, 315px\" \/><\/a><\/p>\n<p style=\"text-align: right\"><strong><em>Action CESC et Journ\u00e9e internationnale de<\/em><\/strong><\/p>\n<p style=\"text-align: right\"><strong><em>\u00ab\u00a0lutte contre les violences faites aux femmes\u00a0\u00bb<\/em><\/strong><\/p>\n<!-- AddThis Advanced Settings generic via filter on the_content --><!-- AddThis Share Buttons generic via filter on the_content -->","protected":false},"excerpt":{"rendered":"<p>J&rsquo;ai re\u00e7u des fleurs aujourd&rsquo;hui J&rsquo;ai re\u00e7u des fleurs, Aujourd&rsquo;hui&#8230; Ce n&rsquo;\u00e9tait pas mon anniversaire ni autre jour sp\u00e9cial. Nous avons eu notre premi\u00e8re dispute hier dans la nuit et [&hellip;]<!-- AddThis Advanced Settings generic via filter on get_the_excerpt --><!-- AddThis Share Buttons generic via filter on get_the_excerpt --><\/p>\n","protected":false},"author":126,"featured_media":210,"comment_status":"closed","ping_status":"closed","sticky":false,"template":"","format":"standard","meta":{"_et_pb_use_builder":"","_et_pb_old_content":"","_et_gb_content_width":"","footnotes":"","_links_to":"","_links_to_target":""},"categories":[9],"tags":[],"class_list":["post-1836","post","type-post","status-publish","format-standard","has-post-thumbnail","hentry","category-actualites"],"_links":{"self":[{"href":"https:\/\/etab.ac-reunion.fr\/lyc-rontaunay\/wp-json\/wp\/v2\/posts\/1836","targetHints":{"allow":["GET"]}}],"collection":[{"href":"https:\/\/etab.ac-reunion.fr\/lyc-rontaunay\/wp-json\/wp\/v2\/posts"}],"about":[{"href":"https:\/\/etab.ac-reunion.fr\/lyc-rontaunay\/wp-json\/wp\/v2\/types\/post"}],"author":[{"embeddable":true,"href":"https:\/\/etab.ac-reunion.fr\/lyc-rontaunay\/wp-json\/wp\/v2\/users\/126"}],"replies":[{"embeddable":true,"href":"https:\/\/etab.ac-reunion.fr\/lyc-rontaunay\/wp-json\/wp\/v2\/comments?post=1836"}],"version-history":[{"count":8,"href":"https:\/\/etab.ac-reunion.fr\/lyc-rontaunay\/wp-json\/wp\/v2\/posts\/1836\/revisions"}],"predecessor-version":[{"id":1844,"href":"https:\/\/etab.ac-reunion.fr\/lyc-rontaunay\/wp-json\/wp\/v2\/posts\/1836\/revisions\/1844"}],"wp:featuredmedia":[{"embeddable":true,"href":"https:\/\/etab.ac-reunion.fr\/lyc-rontaunay\/wp-json\/wp\/v2\/media\/210"}],"wp:attachment":[{"href":"https:\/\/etab.ac-reunion.fr\/lyc-rontaunay\/wp-json\/wp\/v2\/media?parent=1836"}],"wp:term":[{"taxonomy":"category","embeddable":true,"href":"https:\/\/etab.ac-reunion.fr\/lyc-rontaunay\/wp-json\/wp\/v2\/categories?post=1836"},{"taxonomy":"post_tag","embeddable":true,"href":"https:\/\/etab.ac-reunion.fr\/lyc-rontaunay\/wp-json\/wp\/v2\/tags?post=1836"}],"curies":[{"name":"wp","href":"https:\/\/api.w.org\/{rel}","templated":true}]}}