{"id":2124,"date":"2017-08-15T23:15:22","date_gmt":"2017-08-15T19:15:22","guid":{"rendered":"http:\/\/lycee-rontaunay.ac-reunion.fr\/?p=2124"},"modified":"2017-08-16T22:54:02","modified_gmt":"2017-08-16T18:54:02","slug":"souriez-cest-la-rentree-2016","status":"publish","type":"post","link":"https:\/\/etab.ac-reunion.fr\/lyc-rontaunay\/souriez-cest-la-rentree-2016\/","title":{"rendered":"Souriez, c&rsquo;est la rentr\u00e9e 2017&#8230;"},"content":{"rendered":"<h1>Rentr\u00e9e 2017 au lyc\u00e9e J. de Rontaunay<\/h1>\n<p>&nbsp;<\/p>\n<p>&nbsp;<\/p>\n<p>&nbsp;<\/p>\n<p>&nbsp;<\/p>\n<h2 style=\"text-align: center\">Organisation de la rentr\u00e9e 2017<a href=\"https:\/\/etab.ac-reunion.fr\/lyc-rontaunay\/wp-content\/uploads\/sites\/34\/2016\/08\/calendrier-de-rentr\u00e9e.pdf\"><img loading=\"lazy\" decoding=\"async\" class=\"wp-image-2119 aligncenter\" src=\"https:\/\/etab.ac-reunion.fr\/lyc-rontaunay\/wp-content\/uploads\/sites\/34\/2016\/08\/Humour-hausse-300x210.jpg\" alt=\"Humour hausse\" width=\"316\" height=\"222\" srcset=\"https:\/\/etab.ac-reunion.fr\/lyc-rontaunay\/wp-content\/uploads\/sites\/34\/2016\/08\/Humour-hausse-300x210.jpg 300w, https:\/\/etab.ac-reunion.fr\/lyc-rontaunay\/wp-content\/uploads\/sites\/34\/2016\/08\/Humour-hausse.jpg 480w\" sizes=\"(max-width: 316px) 100vw, 316px\" \/><\/a><\/h2>\n<p style=\"text-align: justify\">La rentr\u00e9e est quelques fois synonyme d&rsquo;anxi\u00e9t\u00e9, de crainte, de stress, peut-\u00eatre m\u00eame d&rsquo;angoisse pour certains. Que de sentiments n\u00e9gatifs qui ne favorisent pas une bonne int\u00e9gration. Nous voulons au contraire que cette rentr\u00e9e se d\u00e9roule dans les meilleures conditions et ainsi favoriser une meilleure ann\u00e9e scolaire. Pour se faire, les premiers jours de cette rentr\u00e9e seront consacr\u00e9s essentiellement \u00e0 des activit\u00e9s au sein de divers ateliers destin\u00e9es \u00e0 une d\u00e9couverte du lyc\u00e9e : l&rsquo;objectif, mieux conna\u00eetre son lyc\u00e9e afin de mieux s&rsquo;y sentir.<\/p>\n<p>&nbsp;<\/p>\n<p>&nbsp;<\/p>\n<h2><a href=\"https:\/\/etab.ac-reunion.fr\/lyc-rontaunay\/wp-content\/uploads\/sites\/34\/2016\/08\/Calendrier-PFMP-2016-2017.pdf\">Calendrier des P\u00e9riodes de Formation en Milieu Professionnel <\/a><a href=\"https:\/\/etab.ac-reunion.fr\/lyc-rontaunay\/wp-content\/uploads\/sites\/34\/2016\/08\/qualit\u00e9s-professionnelles-e1471189686831.jpg\"><img loading=\"lazy\" decoding=\"async\" class=\"alignright wp-image-2132\" src=\"https:\/\/etab.ac-reunion.fr\/lyc-rontaunay\/wp-content\/uploads\/sites\/34\/2016\/08\/qualit\u00e9s-professionnelles-300x180.jpg\" alt=\"qualit\u00e9s professionnelles\" width=\"245\" height=\"147\" \/><\/a><\/h2>\n<p style=\"text-align: justify\">Visualisez toutes vos p\u00e9riodes de formation en entreprises et<strong> ANTICIPEZ<\/strong> vos recherches afin de vous garantir au plus t\u00f4t un lieu de stage. Pour cela munissez vous de vos conventions fournies par votre professeur r\u00e9f\u00e9rent, et faites les signer d\u00e8s que vous obtenez un accord d&rsquo;une entreprise, un \u00e9tablissement public, une association&#8230; <a href=\"https:\/\/etab.ac-reunion.fr\/lyc-rontaunay\/wp-content\/uploads\/sites\/34\/2017\/08\/Calendrier-PFMP-2017-2018.pdf\"><span style=\"text-decoration: underline\"><strong><span style=\"color: #000080\"><em>(cliquez ici)<\/em><\/span><\/strong><\/span><\/a><\/p>\n<p>&nbsp;<\/p>\n<p>&nbsp;<\/p>\n<p>&nbsp;<\/p>\n<p>&nbsp;<\/p>\n<h1><a href=\"https:\/\/etab.ac-reunion.fr\/lyc-rontaunay\/wp-content\/uploads\/sites\/34\/2016\/08\/vacances.jpg\"><img loading=\"lazy\" decoding=\"async\" class=\"alignleft wp-image-2130\" src=\"https:\/\/etab.ac-reunion.fr\/lyc-rontaunay\/wp-content\/uploads\/sites\/34\/2016\/08\/vacances-300x196.jpg\" alt=\"vacances\" width=\"161\" height=\"105\" srcset=\"https:\/\/etab.ac-reunion.fr\/lyc-rontaunay\/wp-content\/uploads\/sites\/34\/2016\/08\/vacances-300x196.jpg 300w, https:\/\/etab.ac-reunion.fr\/lyc-rontaunay\/wp-content\/uploads\/sites\/34\/2016\/08\/vacances-207x136.jpg 207w, https:\/\/etab.ac-reunion.fr\/lyc-rontaunay\/wp-content\/uploads\/sites\/34\/2016\/08\/vacances-260x170.jpg 260w, https:\/\/etab.ac-reunion.fr\/lyc-rontaunay\/wp-content\/uploads\/sites\/34\/2016\/08\/vacances-430x283.jpg 430w, https:\/\/etab.ac-reunion.fr\/lyc-rontaunay\/wp-content\/uploads\/sites\/34\/2016\/08\/vacances.jpg 915w\" sizes=\"(max-width: 161px) 100vw, 161px\" \/><\/a> Calendrier des vacances scolaires R\u00e9union<\/h1>\n<p>&nbsp;<\/p>\n<p><strong><em>Des vacances en r\u00e9compense de tous nos efforts&#8230;<\/em><\/strong><\/p>\n<table>\n<tbody>\n<tr>\n<td width=\"40%\"><\/td>\n<td><\/td>\n<\/tr>\n<tr>\n<td width=\"40%\">Rentr\u00e9e des \u00e9l\u00e8ves<\/td>\n<td><strong>vendredi 18 ao\u00fbt 2017<br \/>\n<\/strong><\/td>\n<\/tr>\n<tr>\n<td width=\"40%\">Vacances apr\u00e8s la<sup>\u00a0<\/sup> 1\u00e8re p\u00e9riode<\/td>\n<td><strong>samedi 14 octobre 2017 au lundi 30 octobre 2017<\/strong><\/td>\n<\/tr>\n<tr>\n<td width=\"40%\">Vacances \u00e9t\u00e9 austral<\/td>\n<td><strong>samedi 23 d\u00e9cembre 2018 au lundi 29 janvier 2018<\/strong><\/td>\n<\/tr>\n<tr>\n<td width=\"40%\">Vacances apr\u00e8s 3\u00e8me<sup>\u00a0<\/sup>p\u00e9riode<\/td>\n<td><strong>samedi 10 mars 2018 au jeudi 26 mars 2018<\/strong><\/td>\n<\/tr>\n<tr>\n<td width=\"40%\">Vacances apr\u00e8s 4\u00e8me p\u00e9riode<\/td>\n<td><strong>samedi 5 mai 2018 au jeudi 17 mai 2018<\/strong><\/td>\n<\/tr>\n<tr>\n<td width=\"40%\">D\u00e9but vacances d&rsquo;hiver austral<\/td>\n<td><strong>\u00a0jeudi 7 juillet 2018<\/strong><\/td>\n<\/tr>\n<\/tbody>\n<\/table>\n<p>&nbsp;<\/p>\n<p>&nbsp;<\/p>\n<!-- AddThis Advanced Settings generic via filter on the_content --><!-- AddThis Share Buttons generic via filter on the_content -->","protected":false},"excerpt":{"rendered":"<p>Rentr\u00e9e 2017 au lyc\u00e9e J. de Rontaunay &nbsp; &nbsp; &nbsp; &nbsp; Organisation de la rentr\u00e9e 2017 La rentr\u00e9e est quelques fois synonyme d&rsquo;anxi\u00e9t\u00e9, de crainte, de stress, peut-\u00eatre m\u00eame d&rsquo;angoisse [&hellip;]<!-- AddThis Advanced Settings generic via filter on get_the_excerpt --><!-- AddThis Share Buttons generic via filter on get_the_excerpt --><\/p>\n","protected":false},"author":126,"featured_media":2116,"comment_status":"closed","ping_status":"closed","sticky":false,"template":"","format":"standard","meta":{"_et_pb_use_builder":"","_et_pb_old_content":"","_et_gb_content_width":"","footnotes":"","_links_to":"","_links_to_target":""},"categories":[9],"tags":[],"class_list":["post-2124","post","type-post","status-publish","format-standard","has-post-thumbnail","hentry","category-actualites"],"_links":{"self":[{"href":"https:\/\/etab.ac-reunion.fr\/lyc-rontaunay\/wp-json\/wp\/v2\/posts\/2124","targetHints":{"allow":["GET"]}}],"collection":[{"href":"https:\/\/etab.ac-reunion.fr\/lyc-rontaunay\/wp-json\/wp\/v2\/posts"}],"about":[{"href":"https:\/\/etab.ac-reunion.fr\/lyc-rontaunay\/wp-json\/wp\/v2\/types\/post"}],"author":[{"embeddable":true,"href":"https:\/\/etab.ac-reunion.fr\/lyc-rontaunay\/wp-json\/wp\/v2\/users\/126"}],"replies":[{"embeddable":true,"href":"https:\/\/etab.ac-reunion.fr\/lyc-rontaunay\/wp-json\/wp\/v2\/comments?post=2124"}],"version-history":[{"count":26,"href":"https:\/\/etab.ac-reunion.fr\/lyc-rontaunay\/wp-json\/wp\/v2\/posts\/2124\/revisions"}],"predecessor-version":[{"id":2441,"href":"https:\/\/etab.ac-reunion.fr\/lyc-rontaunay\/wp-json\/wp\/v2\/posts\/2124\/revisions\/2441"}],"wp:featuredmedia":[{"embeddable":true,"href":"https:\/\/etab.ac-reunion.fr\/lyc-rontaunay\/wp-json\/wp\/v2\/media\/2116"}],"wp:attachment":[{"href":"https:\/\/etab.ac-reunion.fr\/lyc-rontaunay\/wp-json\/wp\/v2\/media?parent=2124"}],"wp:term":[{"taxonomy":"category","embeddable":true,"href":"https:\/\/etab.ac-reunion.fr\/lyc-rontaunay\/wp-json\/wp\/v2\/categories?post=2124"},{"taxonomy":"post_tag","embeddable":true,"href":"https:\/\/etab.ac-reunion.fr\/lyc-rontaunay\/wp-json\/wp\/v2\/tags?post=2124"}],"curies":[{"name":"wp","href":"https:\/\/api.w.org\/{rel}","templated":true}]}}