{"id":2275,"date":"2016-08-31T22:21:56","date_gmt":"2016-08-31T18:21:56","guid":{"rendered":"http:\/\/lycee-rontaunay.ac-reunion.fr\/?p=2275"},"modified":"2016-09-05T01:37:37","modified_gmt":"2016-09-04T21:37:37","slug":"leclipse-annulaire-du-soleil-en-direct-de-la-reunion","status":"publish","type":"post","link":"https:\/\/etab.ac-reunion.fr\/lyc-rontaunay\/leclipse-annulaire-du-soleil-en-direct-de-la-reunion\/","title":{"rendered":"L\u2019\u00e9clipse annulaire du Soleil en direct de La R\u00e9union"},"content":{"rendered":"<h1>Observation de l&rsquo;\u00e9clipse du soleil \u00e0 Rontaunay<\/h1>\n<pre><span style=\"color: #0000ff\"><a style=\"color: #0000ff\" href=\"https:\/\/etab.ac-reunion.fr\/lyc-rontaunay\/2016\/09\/05\/galeries-photos-eclipse-au-lycee\/\" target=\"_blank\"><span style=\"text-decoration: underline\"><strong><em>Visiter notre galerie cliquez ici<\/em><\/strong><\/span><\/a><\/span><\/pre>\n<p><strong><em>Projet pilot\u00e9 par Me Edwige TECHER (professeure de Math\u00e9matiques Sciences Physiques)<\/em><\/strong><\/p>\n<p style=\"text-align: justify\">Tous les cours du jeudi 01 septembre \u00e0 partir de 11h ont \u00e9t\u00e9 banalis\u00e9s afin de donner, \u00e0 tous les \u00e9l\u00e8ves ainsi que l&rsquo;ensemble du personnel du lyc\u00e9e, l&rsquo;occasion d&rsquo;observer cet \u00e9v\u00e8nement exceptionnel \u00e0 la R\u00e9union : La Lune passera devant le Soleil provocant l\u2019obscurit\u00e9 sur l\u2019\u00eele entre 12h20 et 15h40. Ce ph\u00e9nom\u00e8ne se reproduira en 2026 en Europe et en\u00a0 2267 \u00e0 La R\u00e9union. Il ne faut surtout pas rater cet \u00e9clipse ! Au lyc\u00e9e, cette journ\u00e9e d&rsquo;observation a \u00e9t\u00e9 organis\u00e9e autour de plusieurs ateliers destin\u00e9s \u00e0 permettre \u00e0 tout le monde de s&rsquo;approprier tous les aspects scientifiques et culturels de ce ph\u00e9nom\u00e8ne.<a href=\"https:\/\/etab.ac-reunion.fr\/lyc-rontaunay\/wp-content\/uploads\/sites\/34\/2016\/08\/lune-soleil.jpg\"><img loading=\"lazy\" decoding=\"async\" class=\" wp-image-2286 alignright\" src=\"https:\/\/etab.ac-reunion.fr\/lyc-rontaunay\/wp-content\/uploads\/sites\/34\/2016\/08\/lune-soleil-300x206.jpg\" alt=\"lune soleil\" width=\"233\" height=\"160\" srcset=\"https:\/\/etab.ac-reunion.fr\/lyc-rontaunay\/wp-content\/uploads\/sites\/34\/2016\/08\/lune-soleil-300x206.jpg 300w, https:\/\/etab.ac-reunion.fr\/lyc-rontaunay\/wp-content\/uploads\/sites\/34\/2016\/08\/lune-soleil-1024x704.jpg 1024w, https:\/\/etab.ac-reunion.fr\/lyc-rontaunay\/wp-content\/uploads\/sites\/34\/2016\/08\/lune-soleil.jpg 1200w\" sizes=\"(max-width: 233px) 100vw, 233px\" \/><\/a><\/p>\n<p style=\"text-align: justify\">Pour profiter pleinement et en toute s\u00e9curit\u00e9 de cette journ\u00e9e, l\u2019observation de ce ph\u00e9nom\u00e8ne doit se faire uniquement avec des lunettes sp\u00e9ciales de protection et en aucun cas \u00e0 l\u2019\u0153il nu ou avec des instruments inadapt\u00e9s (films radiologiques, lunettes de soleil, verre fum\u00e9\u2026).\u00a0 <strong>Observer sans pr\u00e9caution une \u00e9clipse de soleil peut entra\u00eener des l\u00e9sions graves et irr\u00e9versibles des yeux<\/strong>. Le lyc\u00e9e a mis en place une distribution gratuite des lunettes d&rsquo;observation aux normes CE pour tout les participants.<\/p>\n<h2 style=\"text-align: justify\"><a href=\"https:\/\/etab.ac-reunion.fr\/lyc-rontaunay\/2016\/09\/05\/galeries-photos-eclipse-au-lycee\/\" target=\"_blank\">Quatorze ateliers pour animer cette journ\u00e9e<\/a><\/h2>\n<ul>\n<li style=\"text-align: justify\">Observation de l&rsquo;\u00e9clipse<\/li>\n<li style=\"text-align: justify\">C&rsquo;est pas sorcier<\/li>\n<li style=\"text-align: justify\">Pilate<\/li>\n<li style=\"text-align: justify\">\u00c9nergies R\u00e9union<\/li>\n<li style=\"text-align: justify\">Contes<\/li>\n<li style=\"text-align: justify\">Blind test<\/li>\n<li style=\"text-align: justify\">Atelier scientifique<\/li>\n<li style=\"text-align: justify\">Le syst\u00e8me solaire<\/li>\n<li style=\"text-align: justify\">Atelier photo<\/li>\n<li style=\"text-align: justify\">Exposition<\/li>\n<li style=\"text-align: justify\">Atelier quizz<\/li>\n<li style=\"text-align: justify\">Danse africaine<\/li>\n<li style=\"text-align: justify\">Mythe \/ Slam<\/li>\n<li style=\"text-align: justify\">Fon&rsquo;ker<\/li>\n<\/ul>\n<pre><span style=\"color: #0000ff\"><a style=\"color: #0000ff\" href=\"https:\/\/etab.ac-reunion.fr\/lyc-rontaunay\/2016\/09\/05\/galeries-photos-eclipse-au-lycee\/\" target=\"_blank\"><span style=\"text-decoration: underline\"><strong><em>Visiter notre galerie cliquez ici\r\n<a href=\"https:\/\/etab.ac-reunion.fr\/lyc-rontaunay\/wp-content\/uploads\/sites\/34\/2016\/09\/Etapes-\u00e9clipse-e1473022730342.jpg\"><img loading=\"lazy\" decoding=\"async\" class=\"size-medium wp-image-2309 aligncenter\" src=\"https:\/\/etab.ac-reunion.fr\/lyc-rontaunay\/wp-content\/uploads\/sites\/34\/2016\/09\/Etapes-\u00e9clipse-300x179.jpg\" alt=\"Etapes \u00e9clipse\" width=\"300\" height=\"179\" \/><\/a>\r\n<\/em><\/strong><\/span><\/a><\/span><\/pre>\n<p>&nbsp;<\/p>\n<!-- AddThis Advanced Settings generic via filter on the_content --><!-- AddThis Share Buttons generic via filter on the_content -->","protected":false},"excerpt":{"rendered":"<p>Observation de l&rsquo;\u00e9clipse du soleil \u00e0 Rontaunay Visiter notre galerie cliquez ici Projet pilot\u00e9 par Me Edwige TECHER (professeure de Math\u00e9matiques Sciences Physiques) Tous les cours du jeudi 01 septembre [&hellip;]<!-- AddThis Advanced Settings generic via filter on get_the_excerpt --><!-- AddThis Share Buttons generic via filter on get_the_excerpt --><\/p>\n","protected":false},"author":126,"featured_media":2276,"comment_status":"closed","ping_status":"closed","sticky":false,"template":"","format":"standard","meta":{"_et_pb_use_builder":"","_et_pb_old_content":"","_et_gb_content_width":"","footnotes":"","_links_to":"","_links_to_target":""},"categories":[7],"tags":[],"class_list":["post-2275","post","type-post","status-publish","format-standard","has-post-thumbnail","hentry","category-activites"],"_links":{"self":[{"href":"https:\/\/etab.ac-reunion.fr\/lyc-rontaunay\/wp-json\/wp\/v2\/posts\/2275","targetHints":{"allow":["GET"]}}],"collection":[{"href":"https:\/\/etab.ac-reunion.fr\/lyc-rontaunay\/wp-json\/wp\/v2\/posts"}],"about":[{"href":"https:\/\/etab.ac-reunion.fr\/lyc-rontaunay\/wp-json\/wp\/v2\/types\/post"}],"author":[{"embeddable":true,"href":"https:\/\/etab.ac-reunion.fr\/lyc-rontaunay\/wp-json\/wp\/v2\/users\/126"}],"replies":[{"embeddable":true,"href":"https:\/\/etab.ac-reunion.fr\/lyc-rontaunay\/wp-json\/wp\/v2\/comments?post=2275"}],"version-history":[{"count":13,"href":"https:\/\/etab.ac-reunion.fr\/lyc-rontaunay\/wp-json\/wp\/v2\/posts\/2275\/revisions"}],"predecessor-version":[{"id":2281,"href":"https:\/\/etab.ac-reunion.fr\/lyc-rontaunay\/wp-json\/wp\/v2\/posts\/2275\/revisions\/2281"}],"wp:featuredmedia":[{"embeddable":true,"href":"https:\/\/etab.ac-reunion.fr\/lyc-rontaunay\/wp-json\/wp\/v2\/media\/2276"}],"wp:attachment":[{"href":"https:\/\/etab.ac-reunion.fr\/lyc-rontaunay\/wp-json\/wp\/v2\/media?parent=2275"}],"wp:term":[{"taxonomy":"category","embeddable":true,"href":"https:\/\/etab.ac-reunion.fr\/lyc-rontaunay\/wp-json\/wp\/v2\/categories?post=2275"},{"taxonomy":"post_tag","embeddable":true,"href":"https:\/\/etab.ac-reunion.fr\/lyc-rontaunay\/wp-json\/wp\/v2\/tags?post=2275"}],"curies":[{"name":"wp","href":"https:\/\/api.w.org\/{rel}","templated":true}]}}