{"id":2403,"date":"2017-01-29T11:32:55","date_gmt":"2017-01-29T07:32:55","guid":{"rendered":"http:\/\/lycee-rontaunay.ac-reunion.fr\/?p=2403"},"modified":"2019-05-19T23:31:25","modified_gmt":"2019-05-19T19:31:25","slug":"semaine-de-la-presse-2017-dans-lecole","status":"publish","type":"post","link":"https:\/\/etab.ac-reunion.fr\/lyc-rontaunay\/semaine-de-la-presse-2017-dans-lecole\/","title":{"rendered":"Semaine de la presse 2017 dans l&rsquo;\u00e9cole"},"content":{"rendered":"<p>Chaque ann\u00e9e, plus de 200 000 enseignants de tous niveaux et de toutes disciplines participent \u00e0 la Semaine de la presse et des m\u00e9dias dans l\u2019\u00e9cole\u00ae. Elle a pour but d\u2019aider les \u00e9l\u00e8ves, de la maternelle aux classes pr\u00e9paratoires, \u00e0 comprendre le syst\u00e8me des m\u00e9dias, \u00e0 former leur jugement critique, \u00e0 d\u00e9velopper leur go\u00fbt pour l\u2019actualit\u00e9 et \u00e0 forger leur identit\u00e9 de citoyen. Chaque ann\u00e9e, au printemps, plus de 200 000 enseignants de tous niveaux et de toutes disciplines participent \u00e0 la Semaine de la presse et des m\u00e9dias dans l\u2019\u00e9cole\u00ae. Elle a pour but d\u2019aider les \u00e9l\u00e8ves, de la maternelle aux classes pr\u00e9paratoires, \u00e0 comprendre le syst\u00e8me des m\u00e9dias, \u00e0 former leur jugement critique, \u00e0 d\u00e9velopper leur go\u00fbt pour l\u2019actualit\u00e9 et \u00e0 forger leur identit\u00e9 de citoyen.<\/p>\n<p><strong><a href=\"http:\/\/www.presse.education.gouv.fr\/reservation\/\" target=\"_blank\" rel=\"noopener noreferrer\">Renseignements et inscriptions<\/a><\/strong><\/p>\n<!-- AddThis Advanced Settings generic via filter on the_content --><!-- AddThis Share Buttons generic via filter on the_content -->","protected":false},"excerpt":{"rendered":"<p>Chaque ann\u00e9e, plus de 200 000 enseignants de tous niveaux et de toutes disciplines participent \u00e0 la Semaine de la presse et des m\u00e9dias dans l\u2019\u00e9cole\u00ae. Elle a pour but [&hellip;]<!-- AddThis Advanced Settings generic via filter on get_the_excerpt --><!-- AddThis Share Buttons generic via filter on get_the_excerpt --><\/p>\n","protected":false},"author":126,"featured_media":2401,"comment_status":"closed","ping_status":"closed","sticky":false,"template":"","format":"standard","meta":{"_et_pb_use_builder":"","_et_pb_old_content":"","_et_gb_content_width":"","footnotes":"","_links_to":"","_links_to_target":""},"categories":[32],"tags":[],"class_list":["post-2403","post","type-post","status-publish","format-standard","has-post-thumbnail","hentry","category-archives"],"_links":{"self":[{"href":"https:\/\/etab.ac-reunion.fr\/lyc-rontaunay\/wp-json\/wp\/v2\/posts\/2403","targetHints":{"allow":["GET"]}}],"collection":[{"href":"https:\/\/etab.ac-reunion.fr\/lyc-rontaunay\/wp-json\/wp\/v2\/posts"}],"about":[{"href":"https:\/\/etab.ac-reunion.fr\/lyc-rontaunay\/wp-json\/wp\/v2\/types\/post"}],"author":[{"embeddable":true,"href":"https:\/\/etab.ac-reunion.fr\/lyc-rontaunay\/wp-json\/wp\/v2\/users\/126"}],"replies":[{"embeddable":true,"href":"https:\/\/etab.ac-reunion.fr\/lyc-rontaunay\/wp-json\/wp\/v2\/comments?post=2403"}],"version-history":[{"count":5,"href":"https:\/\/etab.ac-reunion.fr\/lyc-rontaunay\/wp-json\/wp\/v2\/posts\/2403\/revisions"}],"predecessor-version":[{"id":3345,"href":"https:\/\/etab.ac-reunion.fr\/lyc-rontaunay\/wp-json\/wp\/v2\/posts\/2403\/revisions\/3345"}],"wp:featuredmedia":[{"embeddable":true,"href":"https:\/\/etab.ac-reunion.fr\/lyc-rontaunay\/wp-json\/wp\/v2\/media\/2401"}],"wp:attachment":[{"href":"https:\/\/etab.ac-reunion.fr\/lyc-rontaunay\/wp-json\/wp\/v2\/media?parent=2403"}],"wp:term":[{"taxonomy":"category","embeddable":true,"href":"https:\/\/etab.ac-reunion.fr\/lyc-rontaunay\/wp-json\/wp\/v2\/categories?post=2403"},{"taxonomy":"post_tag","embeddable":true,"href":"https:\/\/etab.ac-reunion.fr\/lyc-rontaunay\/wp-json\/wp\/v2\/tags?post=2403"}],"curies":[{"name":"wp","href":"https:\/\/api.w.org\/{rel}","templated":true}]}}