{"id":2477,"date":"2017-10-29T20:58:12","date_gmt":"2017-10-29T16:58:12","guid":{"rendered":"http:\/\/lycee-rontaunay.ac-reunion.fr\/?p=2477"},"modified":"2017-10-29T20:58:12","modified_gmt":"2017-10-29T16:58:12","slug":"sortie-cinema-avec-la-1assp","status":"publish","type":"post","link":"https:\/\/etab.ac-reunion.fr\/lyc-rontaunay\/sortie-cinema-avec-la-1assp\/","title":{"rendered":"Sortie cin\u00e9ma avec la 1ASSP"},"content":{"rendered":"<h1>Le film \u00ab\u00a0120 battements par minute\u00a0\u00bb<\/h1>\n<p>Grand prix du festival de Cannes, dans lequel on peut voir le vrai visage du SIDA et la discrimination de nos jours :<\/p>\n<p>R\u00e9alisateur\u00a0: Robin CAMPILLO<\/p>\n<p>Introduction (film)\u00a0: D\u00e9but des ann\u00e9es 90. Alors que le sida tue depuis pr\u00e8s de dix ans, les militants d&rsquo;Act Up-Paris multiplient les actions pour lutter contre l&rsquo;indiff\u00e9rence g\u00e9n\u00e9rale. Nouveau venu dans le groupe, Nathan va \u00eatre boulevers\u00e9 par la radicalit\u00e9 de Sean.<\/p>\n<p><strong>Act Up-Paris<\/strong> est une <a href=\"https:\/\/fr.wikipedia.org\/wiki\/Association_loi_de_1901\">association<\/a> <a href=\"https:\/\/fr.wikipedia.org\/wiki\/Militantisme\">militante<\/a> de <a href=\"https:\/\/fr.wikipedia.org\/wiki\/Mouvements_des_malades\">lutte contre le sida<\/a>, issue de la communaut\u00e9 homosexuelle, cr\u00e9\u00e9e le <a href=\"https:\/\/fr.wikipedia.org\/wiki\/9_juin\">9<\/a> <a href=\"https:\/\/fr.wikipedia.org\/wiki\/Juin_1989\">juin<\/a> <a href=\"https:\/\/fr.wikipedia.org\/wiki\/1989\">1989<\/a>, suivant le mod\u00e8le am\u00e9ricain, n\u00e9 deux ans plus t\u00f4t.<\/p>\n<h2>En savoir plus sur le Sida<a href=\"https:\/\/etab.ac-reunion.fr\/lyc-rontaunay\/wp-content\/uploads\/sites\/34\/2017\/10\/Eleves-1assp-en-sortie-cin\u00e9.jpg\"><img loading=\"lazy\" decoding=\"async\" class=\"size-medium wp-image-2481 alignleft\" src=\"https:\/\/etab.ac-reunion.fr\/lyc-rontaunay\/wp-content\/uploads\/sites\/34\/2017\/10\/Eleves-1assp-en-sortie-cin\u00e9-300x144.jpg\" alt=\"\" width=\"300\" height=\"144\" srcset=\"https:\/\/etab.ac-reunion.fr\/lyc-rontaunay\/wp-content\/uploads\/sites\/34\/2017\/10\/Eleves-1assp-en-sortie-cin\u00e9-300x144.jpg 300w, https:\/\/etab.ac-reunion.fr\/lyc-rontaunay\/wp-content\/uploads\/sites\/34\/2017\/10\/Eleves-1assp-en-sortie-cin\u00e9.jpg 682w\" sizes=\"(max-width: 300px) 100vw, 300px\" \/><\/a><\/h2>\n<p>T\u00e9moignage 1ASSP\u00a0: Apr\u00e8s avoir vue le film je me suis int\u00e9ress\u00e9e sur ce que les personnes pensaient du film :<\/p>\n<p>\u00ab Belle morale mais ce qui m\u2019a d\u00e9rang\u00e9 et surtout g\u00ean\u00e9 sont les sc\u00e8nes expressives \u00e0 mon go\u00fbt portant sur la sexualit\u00e9\u00a0\u00bb \u00c9l\u00e8ve d\u2019ASSP<\/p>\n<p>\u00ab\u00a0\u00c7a nous met d\u00e9j\u00e0 dans le cadre de notre section, certaines sc\u00e8nes pouvaient nous surprendre mais je m\u2019y attendais et je crois que c\u2019est pour nous montrer l\u2019ampleur du SIDA\u00a0\u00bb \u00c9l\u00e8ve d\u2019ASSP<\/p>\n<p>\u00ab\u00a0Personnellement le film nous ouvre sur certains cas comme le SIDA et la discrimination en g\u00e9n\u00e9ral\u00a0. Regardez ce film il faut s\u2019attendre au vrai visage du SIDA . Mais il ne faut pas oublier que le SIDA peut toucher tout le monde m\u00eame un proche\u00a0\u00bb\u00a0 \u00c9l\u00e8ve d\u2019ASSP<\/p>\n<h2>CONCLUSION\u00a0:<\/h2>\n<p>Film qui peut ouvrir certaines mentalit\u00e9s et qui peut nous apprendre ce que nous ne savons pas sur le sujet du SIDA . Il faut dire que certaines sc\u00e8nes \u00e9taient expressives et peuvent provoquer une g\u00eane chez certaines personnes.<\/p>\n<p style=\"text-align: center\"><strong><a href=\"https:\/\/etab.ac-reunion.fr\/lyc-rontaunay\/wp-content\/uploads\/sites\/34\/2017\/10\/Eleves-en-cercle-t\u00eate.jpg\"><img loading=\"lazy\" decoding=\"async\" class=\"wp-image-2482 aligncenter\" src=\"https:\/\/etab.ac-reunion.fr\/lyc-rontaunay\/wp-content\/uploads\/sites\/34\/2017\/10\/Eleves-en-cercle-t\u00eate.jpg\" alt=\"\" width=\"208\" height=\"143\" \/><\/a><\/strong><\/p>\n<p style=\"text-align: center\"><strong>SE PROTEGER, <\/strong><\/p>\n<p style=\"text-align: center\"><strong>C\u2019EST L\u2019AFFAIRE DE TOUS<br \/>\n<\/strong><\/p>\n<p><a href=\"https:\/\/etab.ac-reunion.fr\/lyc-rontaunay\/wp-content\/uploads\/sites\/34\/2017\/10\/image-la-capote-\u00e7a-d\u00e9pote.jpg\"><img loading=\"lazy\" decoding=\"async\" class=\" wp-image-2483 aligncenter\" src=\"https:\/\/etab.ac-reunion.fr\/lyc-rontaunay\/wp-content\/uploads\/sites\/34\/2017\/10\/image-la-capote-\u00e7a-d\u00e9pote.jpg\" alt=\"\" width=\"170\" height=\"134\" \/><\/a><\/p>\n<!-- AddThis Advanced Settings generic via filter on the_content --><!-- AddThis Share Buttons generic via filter on the_content -->","protected":false},"excerpt":{"rendered":"<p>Le film \u00ab\u00a0120 battements par minute\u00a0\u00bb Grand prix du festival de Cannes, dans lequel on peut voir le vrai visage du SIDA et la discrimination de nos jours : R\u00e9alisateur\u00a0: [&hellip;]<!-- AddThis Advanced Settings generic via filter on get_the_excerpt --><!-- AddThis Share Buttons generic via filter on get_the_excerpt --><\/p>\n","protected":false},"author":126,"featured_media":2479,"comment_status":"closed","ping_status":"closed","sticky":false,"template":"","format":"standard","meta":{"_et_pb_use_builder":"","_et_pb_old_content":"","_et_gb_content_width":"","footnotes":"","_links_to":"","_links_to_target":""},"categories":[7],"tags":[],"class_list":["post-2477","post","type-post","status-publish","format-standard","has-post-thumbnail","hentry","category-activites"],"_links":{"self":[{"href":"https:\/\/etab.ac-reunion.fr\/lyc-rontaunay\/wp-json\/wp\/v2\/posts\/2477","targetHints":{"allow":["GET"]}}],"collection":[{"href":"https:\/\/etab.ac-reunion.fr\/lyc-rontaunay\/wp-json\/wp\/v2\/posts"}],"about":[{"href":"https:\/\/etab.ac-reunion.fr\/lyc-rontaunay\/wp-json\/wp\/v2\/types\/post"}],"author":[{"embeddable":true,"href":"https:\/\/etab.ac-reunion.fr\/lyc-rontaunay\/wp-json\/wp\/v2\/users\/126"}],"replies":[{"embeddable":true,"href":"https:\/\/etab.ac-reunion.fr\/lyc-rontaunay\/wp-json\/wp\/v2\/comments?post=2477"}],"version-history":[{"count":2,"href":"https:\/\/etab.ac-reunion.fr\/lyc-rontaunay\/wp-json\/wp\/v2\/posts\/2477\/revisions"}],"predecessor-version":[{"id":2485,"href":"https:\/\/etab.ac-reunion.fr\/lyc-rontaunay\/wp-json\/wp\/v2\/posts\/2477\/revisions\/2485"}],"wp:featuredmedia":[{"embeddable":true,"href":"https:\/\/etab.ac-reunion.fr\/lyc-rontaunay\/wp-json\/wp\/v2\/media\/2479"}],"wp:attachment":[{"href":"https:\/\/etab.ac-reunion.fr\/lyc-rontaunay\/wp-json\/wp\/v2\/media?parent=2477"}],"wp:term":[{"taxonomy":"category","embeddable":true,"href":"https:\/\/etab.ac-reunion.fr\/lyc-rontaunay\/wp-json\/wp\/v2\/categories?post=2477"},{"taxonomy":"post_tag","embeddable":true,"href":"https:\/\/etab.ac-reunion.fr\/lyc-rontaunay\/wp-json\/wp\/v2\/tags?post=2477"}],"curies":[{"name":"wp","href":"https:\/\/api.w.org\/{rel}","templated":true}]}}