{"id":2486,"date":"2017-10-27T20:59:04","date_gmt":"2017-10-27T16:59:04","guid":{"rendered":"http:\/\/lycee-rontaunay.ac-reunion.fr\/?p=2486"},"modified":"2017-10-29T22:02:43","modified_gmt":"2017-10-29T18:02:43","slug":"happijhour-sensibilisation-des-adolescents-a-la-saf","status":"publish","type":"post","link":"https:\/\/etab.ac-reunion.fr\/lyc-rontaunay\/happijhour-sensibilisation-des-adolescents-a-la-saf\/","title":{"rendered":"HappIJ\u2019HOUR : sensibilisation des adolescents \u00e0 la SAF"},"content":{"rendered":"<h1>Le Syndrome d&rsquo;Alcoolisme F\u0153tal (SAF)<\/h1>\n<p>Le SAF est une anomalie cong\u00e9nitale li\u00e9e \u00e0 l&rsquo;alcool. Elle est caus\u00e9e par l&rsquo;alcool consomm\u00e9 par la m\u00e8re pendant la grossesse. Lorsqu&rsquo;une femme enceinte boit de l&rsquo;alcool, il traverse le placenta et est absorb\u00e9 par l&rsquo;enfant \u00e0 na\u00eetre. L&rsquo;alcool peut endommager l&#8217;embryon et le f\u0153tus m\u00eame si la m\u00e8re ne ressent aucun effet. Des l\u00e9sions c\u00e9r\u00e9brales, des retards sur la croissance peuvent appara\u00eetre.<a href=\"https:\/\/etab.ac-reunion.fr\/lyc-rontaunay\/wp-content\/uploads\/sites\/34\/2017\/10\/image-bouteil-foetus.jpg\"><img loading=\"lazy\" decoding=\"async\" class=\"wp-image-2488 alignright\" src=\"https:\/\/etab.ac-reunion.fr\/lyc-rontaunay\/wp-content\/uploads\/sites\/34\/2017\/10\/image-bouteil-foetus-256x300.jpg\" alt=\"\" width=\"216\" height=\"253\" srcset=\"https:\/\/etab.ac-reunion.fr\/lyc-rontaunay\/wp-content\/uploads\/sites\/34\/2017\/10\/image-bouteil-foetus-256x300.jpg 256w, https:\/\/etab.ac-reunion.fr\/lyc-rontaunay\/wp-content\/uploads\/sites\/34\/2017\/10\/image-bouteil-foetus.jpg 317w\" sizes=\"(max-width: 216px) 100vw, 216px\" \/><\/a><\/p>\n<p>\u00ab\u00a0La consommation d\u2019alcool pendant la grossesse, m\u00eame ponctuelle ou faible, peut entra\u00eener des risques importants pour l\u2019enfant \u00e0 br\u00e8ve \u00e9ch\u00e9ance. L\u2019alcoolisation gestationnelle est la premi\u00e8re cause de handicap non g\u00e9n\u00e9tique.\u00a0\u00bb<\/p>\n<h2><\/h2>\n<h2><\/h2>\n<h2><\/h2>\n<h2>T\u00e9moignages d\u2019\u00e9l\u00e8ves<\/h2>\n<p style=\"text-align: left\">Ce qui \u00e9tait bien c\u2019\u00e9tait l\u2019accueil tr\u00e8s convivial (personnels accueillant et souriants). Lors des activit\u00e9s de groupes, des personnels qualifi\u00e9s \u00e9taient avec nous pour nous expliquer le SAF en faisant des activit\u00e9s pour nous ouvrir au vrai visage du SAF. Une intervenante nous a expliqu\u00e9 la trisomie 21, la diff\u00e9rence entre le syndrome d\u2019alcool\u00e9mie f\u0153tal\u00a0 et la trisomie 21.<\/p>\n<h2><a href=\"https:\/\/etab.ac-reunion.fr\/lyc-rontaunay\/wp-content\/uploads\/sites\/34\/2017\/10\/El\u00e8ves-\u00e0-l\u00e9coute.jpg\"><img loading=\"lazy\" decoding=\"async\" class=\"wp-image-2489 alignleft\" src=\"https:\/\/etab.ac-reunion.fr\/lyc-rontaunay\/wp-content\/uploads\/sites\/34\/2017\/10\/El\u00e8ves-\u00e0-l\u00e9coute-300x226.jpg\" alt=\"\" width=\"212\" height=\"160\" srcset=\"https:\/\/etab.ac-reunion.fr\/lyc-rontaunay\/wp-content\/uploads\/sites\/34\/2017\/10\/El\u00e8ves-\u00e0-l\u00e9coute-300x226.jpg 300w, https:\/\/etab.ac-reunion.fr\/lyc-rontaunay\/wp-content\/uploads\/sites\/34\/2017\/10\/El\u00e8ves-\u00e0-l\u00e9coute.jpg 531w\" sizes=\"(max-width: 212px) 100vw, 212px\" \/><\/a>Organisation<\/h2>\n<p>HappIJ\u2019HOUR \u00ab\u00a09 mois = Z\u00e9ro Alcool : Sa m\u00e8m\u2019 l\u00e9 bon !\u00a0\u00bb<br \/>\nLors de cette nocturne organis\u00e9e par le CRIJ R\u00e9union, les professionnels du Centre Ressources et CAF (Pr B\u00e9r\u00e9nice DORAY et Barbara DELMOTTE, charg\u00e9e de mission) avec l\u2019appui de SAOME ont sensibilis\u00e9 de fa\u00e7on p\u00e9dagogique un groupe de lyc\u00e9ennes. Une convention entre le CRIJ R\u00e9union et le Centre Ressources ETCAF signera prochainement un engagement partenarial en faveur de l\u2019information de la jeunesse r\u00e9unionnaise sur les m\u00e9faits de l\u2019alcool pendant la grossesse.<\/p>\n<p>&nbsp;<\/p>\n<p>&nbsp;<\/p>\n<!-- AddThis Advanced Settings generic via filter on the_content --><!-- AddThis Share Buttons generic via filter on the_content -->","protected":false},"excerpt":{"rendered":"<p>Le Syndrome d&rsquo;Alcoolisme F\u0153tal (SAF) Le SAF est une anomalie cong\u00e9nitale li\u00e9e \u00e0 l&rsquo;alcool. Elle est caus\u00e9e par l&rsquo;alcool consomm\u00e9 par la m\u00e8re pendant la grossesse. Lorsqu&rsquo;une femme enceinte boit [&hellip;]<!-- AddThis Advanced Settings generic via filter on get_the_excerpt --><!-- AddThis Share Buttons generic via filter on get_the_excerpt --><\/p>\n","protected":false},"author":126,"featured_media":2487,"comment_status":"closed","ping_status":"closed","sticky":false,"template":"","format":"standard","meta":{"_et_pb_use_builder":"","_et_pb_old_content":"","_et_gb_content_width":"","footnotes":"","_links_to":"","_links_to_target":""},"categories":[7],"tags":[],"class_list":["post-2486","post","type-post","status-publish","format-standard","has-post-thumbnail","hentry","category-activites"],"_links":{"self":[{"href":"https:\/\/etab.ac-reunion.fr\/lyc-rontaunay\/wp-json\/wp\/v2\/posts\/2486","targetHints":{"allow":["GET"]}}],"collection":[{"href":"https:\/\/etab.ac-reunion.fr\/lyc-rontaunay\/wp-json\/wp\/v2\/posts"}],"about":[{"href":"https:\/\/etab.ac-reunion.fr\/lyc-rontaunay\/wp-json\/wp\/v2\/types\/post"}],"author":[{"embeddable":true,"href":"https:\/\/etab.ac-reunion.fr\/lyc-rontaunay\/wp-json\/wp\/v2\/users\/126"}],"replies":[{"embeddable":true,"href":"https:\/\/etab.ac-reunion.fr\/lyc-rontaunay\/wp-json\/wp\/v2\/comments?post=2486"}],"version-history":[{"count":11,"href":"https:\/\/etab.ac-reunion.fr\/lyc-rontaunay\/wp-json\/wp\/v2\/posts\/2486\/revisions"}],"predecessor-version":[{"id":2500,"href":"https:\/\/etab.ac-reunion.fr\/lyc-rontaunay\/wp-json\/wp\/v2\/posts\/2486\/revisions\/2500"}],"wp:featuredmedia":[{"embeddable":true,"href":"https:\/\/etab.ac-reunion.fr\/lyc-rontaunay\/wp-json\/wp\/v2\/media\/2487"}],"wp:attachment":[{"href":"https:\/\/etab.ac-reunion.fr\/lyc-rontaunay\/wp-json\/wp\/v2\/media?parent=2486"}],"wp:term":[{"taxonomy":"category","embeddable":true,"href":"https:\/\/etab.ac-reunion.fr\/lyc-rontaunay\/wp-json\/wp\/v2\/categories?post=2486"},{"taxonomy":"post_tag","embeddable":true,"href":"https:\/\/etab.ac-reunion.fr\/lyc-rontaunay\/wp-json\/wp\/v2\/tags?post=2486"}],"curies":[{"name":"wp","href":"https:\/\/api.w.org\/{rel}","templated":true}]}}