{"id":2564,"date":"2017-11-23T11:28:53","date_gmt":"2017-11-23T07:28:53","guid":{"rendered":"http:\/\/lycee-rontaunay.ac-reunion.fr\/?p=2564"},"modified":"2017-11-29T19:03:20","modified_gmt":"2017-11-29T15:03:20","slug":"formation-des-delegues-de-classe-2","status":"publish","type":"post","link":"https:\/\/etab.ac-reunion.fr\/lyc-rontaunay\/formation-des-delegues-de-classe-2\/","title":{"rendered":"Formation des d\u00e9l\u00e9gu\u00e9s de classe"},"content":{"rendered":"<p>Le mardi 14\/11 une formation des d\u00e9l\u00e9gu\u00e9s\u00a0 des classes de 2nde. Cette formation s&rsquo;est d\u00e9roul\u00e9e \u00e0 la mairie de St Denis. Au programme : c&rsquo;est quoi un d\u00e9l\u00e9gu\u00e9 ? Le conseil de classe ; organiser une r\u00e9union ; comment transmettre l&rsquo;information ? les valeurs.<\/p>\n<div id=\"attachment_1887\" style=\"width: 310px\" class=\"wp-caption alignright\"><img loading=\"lazy\" decoding=\"async\" aria-describedby=\"caption-attachment-1887\" class=\"size-medium wp-image-1887\" src=\"https:\/\/etab.ac-reunion.fr\/lyc-rontaunay\/wp-content\/uploads\/sites\/34\/2016\/02\/image-d\u00e9l\u00e9gu\u00e9s-2016-eliane-1-300x225.jpg\" alt=\"\" width=\"300\" height=\"225\" srcset=\"https:\/\/etab.ac-reunion.fr\/lyc-rontaunay\/wp-content\/uploads\/sites\/34\/2016\/02\/image-d\u00e9l\u00e9gu\u00e9s-2016-eliane-1-300x225.jpg 300w, https:\/\/etab.ac-reunion.fr\/lyc-rontaunay\/wp-content\/uploads\/sites\/34\/2016\/02\/image-d\u00e9l\u00e9gu\u00e9s-2016-eliane-1.jpg 1024w\" sizes=\"(max-width: 300px) 100vw, 300px\" \/><p id=\"caption-attachment-1887\" class=\"wp-caption-text\">formation des d\u00e9l\u00e9gu\u00e9s<\/p><\/div>\n<!-- AddThis Advanced Settings generic via filter on the_content --><!-- AddThis Share Buttons generic via filter on the_content -->","protected":false},"excerpt":{"rendered":"<p>Le mardi 14\/11 une formation des d\u00e9l\u00e9gu\u00e9s\u00a0 des classes de 2nde. Cette formation s&rsquo;est d\u00e9roul\u00e9e \u00e0 la mairie de St Denis. Au programme : c&rsquo;est quoi un d\u00e9l\u00e9gu\u00e9 ? Le [&hellip;]<!-- AddThis Advanced Settings generic via filter on get_the_excerpt --><!-- AddThis Share Buttons generic via filter on get_the_excerpt --><\/p>\n","protected":false},"author":17190,"featured_media":1887,"comment_status":"closed","ping_status":"closed","sticky":false,"template":"","format":"standard","meta":{"_et_pb_use_builder":"","_et_pb_old_content":"","_et_gb_content_width":"","footnotes":"","_links_to":"","_links_to_target":""},"categories":[7],"tags":[],"class_list":["post-2564","post","type-post","status-publish","format-standard","has-post-thumbnail","hentry","category-activites"],"_links":{"self":[{"href":"https:\/\/etab.ac-reunion.fr\/lyc-rontaunay\/wp-json\/wp\/v2\/posts\/2564","targetHints":{"allow":["GET"]}}],"collection":[{"href":"https:\/\/etab.ac-reunion.fr\/lyc-rontaunay\/wp-json\/wp\/v2\/posts"}],"about":[{"href":"https:\/\/etab.ac-reunion.fr\/lyc-rontaunay\/wp-json\/wp\/v2\/types\/post"}],"author":[{"embeddable":true,"href":"https:\/\/etab.ac-reunion.fr\/lyc-rontaunay\/wp-json\/wp\/v2\/users\/17190"}],"replies":[{"embeddable":true,"href":"https:\/\/etab.ac-reunion.fr\/lyc-rontaunay\/wp-json\/wp\/v2\/comments?post=2564"}],"version-history":[{"count":5,"href":"https:\/\/etab.ac-reunion.fr\/lyc-rontaunay\/wp-json\/wp\/v2\/posts\/2564\/revisions"}],"predecessor-version":[{"id":2618,"href":"https:\/\/etab.ac-reunion.fr\/lyc-rontaunay\/wp-json\/wp\/v2\/posts\/2564\/revisions\/2618"}],"wp:featuredmedia":[{"embeddable":true,"href":"https:\/\/etab.ac-reunion.fr\/lyc-rontaunay\/wp-json\/wp\/v2\/media\/1887"}],"wp:attachment":[{"href":"https:\/\/etab.ac-reunion.fr\/lyc-rontaunay\/wp-json\/wp\/v2\/media?parent=2564"}],"wp:term":[{"taxonomy":"category","embeddable":true,"href":"https:\/\/etab.ac-reunion.fr\/lyc-rontaunay\/wp-json\/wp\/v2\/categories?post=2564"},{"taxonomy":"post_tag","embeddable":true,"href":"https:\/\/etab.ac-reunion.fr\/lyc-rontaunay\/wp-json\/wp\/v2\/tags?post=2564"}],"curies":[{"name":"wp","href":"https:\/\/api.w.org\/{rel}","templated":true}]}}