{"id":2624,"date":"2017-12-11T12:45:21","date_gmt":"2017-12-11T08:45:21","guid":{"rendered":"http:\/\/lycee-rontaunay.ac-reunion.fr\/?p=2624"},"modified":"2017-12-14T17:07:00","modified_gmt":"2017-12-14T13:07:00","slug":"journee-de-la-laicite-au-lp-julien-de-rontaunay","status":"publish","type":"post","link":"https:\/\/etab.ac-reunion.fr\/lyc-rontaunay\/journee-de-la-laicite-au-lp-julien-de-rontaunay\/","title":{"rendered":"Journ\u00e9e de la La\u00efcit\u00e9 au LP julien de Rontaunay"},"content":{"rendered":"<h1><strong>Au lyc\u00e9e, esprit critique et la\u00efcit\u00e9<\/strong><\/h1>\n<h1><\/h1>\n<p>Parce qu\u2019on y forme les citoyens de demain, l\u2019\u00e9cole est \u00e9galement au c\u0153ur de l\u2019action gouvernementale pour promouvoir et faire vivre le principe de la\u00efcit\u00e9. Le principe de la\u00efcit\u00e9 est l\u2019un des piliers de la R\u00e9publique fran\u00e7aise. Ses fondations ont \u00e9t\u00e9 pos\u00e9es par la loi du 9 d\u00e9cembre 1905 sur la s\u00e9paration de l\u2019\u00c9glise et de l\u2019\u00c9tat <em>(http:\/\/www.gouvernement.fr\/argumentaire\/le-9-decembre-journee-nationale-de-la-laicite).<\/em><\/p>\n<div id=\"attachment_2625\" style=\"width: 310px\" class=\"wp-caption alignright\"><a href=\"https:\/\/etab.ac-reunion.fr\/lyc-rontaunay\/wp-content\/uploads\/sites\/34\/2017\/12\/La-Marianne.jpg\"><img loading=\"lazy\" decoding=\"async\" aria-describedby=\"caption-attachment-2625\" class=\"size-medium wp-image-2625\" src=\"https:\/\/etab.ac-reunion.fr\/lyc-rontaunay\/wp-content\/uploads\/sites\/34\/2017\/12\/La-Marianne-300x135.jpg\" alt=\"\" width=\"300\" height=\"135\" srcset=\"https:\/\/etab.ac-reunion.fr\/lyc-rontaunay\/wp-content\/uploads\/sites\/34\/2017\/12\/La-Marianne-300x135.jpg 300w, https:\/\/etab.ac-reunion.fr\/lyc-rontaunay\/wp-content\/uploads\/sites\/34\/2017\/12\/La-Marianne.jpg 477w\" sizes=\"(max-width: 300px) 100vw, 300px\" \/><\/a><p id=\"caption-attachment-2625\" class=\"wp-caption-text\">La Marianne<\/p><\/div>\n<p>Pilot\u00e9e par les \u00e9l\u00e8ves de la Maison des Lyc\u00e9ens (MDL) et Le Conseil de la Vie Lyc\u00e9enne (CVL) et de Me Eliane ROBERT, cette journ\u00e9e sera l&rsquo;occasion de pr\u00e9senter plusieurs cultures (Madagascar, Chine, Arabie, Mayotte, R\u00e9union), des spectacles divers, des jeux, des sayn\u00e8tes, etc.<\/p>\n<p><a href=\"https:\/\/etab.ac-reunion.fr\/lyc-rontaunay\/2017\/12\/14\/galerie-dimages-journee-de-la-laicite-du-11-decembre\/\" target=\"_blank\" rel=\"noopener\"><strong><em>Visiter notre galerie d&rsquo;images<\/em><\/strong><\/a><\/p>\n<p>&nbsp;<\/p>\n<div id=\"attachment_2622\" style=\"width: 235px\" class=\"wp-caption aligncenter\"><a href=\"https:\/\/etab.ac-reunion.fr\/lyc-rontaunay\/wp-content\/uploads\/sites\/34\/2017\/12\/20171211_1014241-e1512980045676.jpg\"><img loading=\"lazy\" decoding=\"async\" aria-describedby=\"caption-attachment-2622\" class=\"size-medium wp-image-2622\" src=\"https:\/\/etab.ac-reunion.fr\/lyc-rontaunay\/wp-content\/uploads\/sites\/34\/2017\/12\/20171211_1014241-e1512980045676-225x300.jpg\" alt=\"la\u00efcit\u00e9 Julien de Rontaunay\" width=\"225\" height=\"300\" srcset=\"https:\/\/etab.ac-reunion.fr\/lyc-rontaunay\/wp-content\/uploads\/sites\/34\/2017\/12\/20171211_1014241-e1512980045676-225x300.jpg 225w, https:\/\/etab.ac-reunion.fr\/lyc-rontaunay\/wp-content\/uploads\/sites\/34\/2017\/12\/20171211_1014241-e1512980045676-768x1024.jpg 768w\" sizes=\"(max-width: 225px) 100vw, 225px\" \/><\/a><p id=\"caption-attachment-2622\" class=\"wp-caption-text\">Programme journ\u00e9e de la la\u00efcit\u00e9 Julien de Rontaunay<\/p><\/div>\n<p style=\"text-align: center\">\n<!-- AddThis Advanced Settings generic via filter on the_content --><!-- AddThis Share Buttons generic via filter on the_content -->","protected":false},"excerpt":{"rendered":"<p>Au lyc\u00e9e, esprit critique et la\u00efcit\u00e9 Parce qu\u2019on y forme les citoyens de demain, l\u2019\u00e9cole est \u00e9galement au c\u0153ur de l\u2019action gouvernementale pour promouvoir et faire vivre le principe de [&hellip;]<!-- AddThis Advanced Settings generic via filter on get_the_excerpt --><!-- AddThis Share Buttons generic via filter on get_the_excerpt --><\/p>\n","protected":false},"author":126,"featured_media":2623,"comment_status":"closed","ping_status":"closed","sticky":false,"template":"","format":"standard","meta":{"_et_pb_use_builder":"","_et_pb_old_content":"","_et_gb_content_width":"","footnotes":"","_links_to":"","_links_to_target":""},"categories":[7],"tags":[],"class_list":["post-2624","post","type-post","status-publish","format-standard","has-post-thumbnail","hentry","category-activites"],"_links":{"self":[{"href":"https:\/\/etab.ac-reunion.fr\/lyc-rontaunay\/wp-json\/wp\/v2\/posts\/2624","targetHints":{"allow":["GET"]}}],"collection":[{"href":"https:\/\/etab.ac-reunion.fr\/lyc-rontaunay\/wp-json\/wp\/v2\/posts"}],"about":[{"href":"https:\/\/etab.ac-reunion.fr\/lyc-rontaunay\/wp-json\/wp\/v2\/types\/post"}],"author":[{"embeddable":true,"href":"https:\/\/etab.ac-reunion.fr\/lyc-rontaunay\/wp-json\/wp\/v2\/users\/126"}],"replies":[{"embeddable":true,"href":"https:\/\/etab.ac-reunion.fr\/lyc-rontaunay\/wp-json\/wp\/v2\/comments?post=2624"}],"version-history":[{"count":7,"href":"https:\/\/etab.ac-reunion.fr\/lyc-rontaunay\/wp-json\/wp\/v2\/posts\/2624\/revisions"}],"predecessor-version":[{"id":2647,"href":"https:\/\/etab.ac-reunion.fr\/lyc-rontaunay\/wp-json\/wp\/v2\/posts\/2624\/revisions\/2647"}],"wp:featuredmedia":[{"embeddable":true,"href":"https:\/\/etab.ac-reunion.fr\/lyc-rontaunay\/wp-json\/wp\/v2\/media\/2623"}],"wp:attachment":[{"href":"https:\/\/etab.ac-reunion.fr\/lyc-rontaunay\/wp-json\/wp\/v2\/media?parent=2624"}],"wp:term":[{"taxonomy":"category","embeddable":true,"href":"https:\/\/etab.ac-reunion.fr\/lyc-rontaunay\/wp-json\/wp\/v2\/categories?post=2624"},{"taxonomy":"post_tag","embeddable":true,"href":"https:\/\/etab.ac-reunion.fr\/lyc-rontaunay\/wp-json\/wp\/v2\/tags?post=2624"}],"curies":[{"name":"wp","href":"https:\/\/api.w.org\/{rel}","templated":true}]}}