{"id":2650,"date":"2018-03-09T16:17:14","date_gmt":"2018-03-09T12:17:14","guid":{"rendered":"http:\/\/lycee-rontaunay.ac-reunion.fr\/?p=2650"},"modified":"2018-03-09T17:05:16","modified_gmt":"2018-03-09T13:05:16","slug":"journee-des-droits-de-la-femme-au-l-p-rontaunay-le-8-mars-2018","status":"publish","type":"post","link":"https:\/\/etab.ac-reunion.fr\/lyc-rontaunay\/journee-des-droits-de-la-femme-au-l-p-rontaunay-le-8-mars-2018\/","title":{"rendered":"Journ\u00e9e des droits de la femme au L.P Rontaunay le 8 Mars 2018"},"content":{"rendered":"<p>Une matin\u00e9e consacr\u00e9e \u00e0 sensibiliser nos \u00e9l\u00e8ves de secondes aux droits des femmes. Plusieurs ateliers (9 au total) sur Simone VEIL, le Cin\u00e9toiles, des sketches, une exposition photos, des paroles de femmes, des mots m\u00eal\u00e9s et un d\u00e9bat avec L\u00e9opoldine SETTAMA, avocate. Le projet mis en place avec l&rsquo;aide de plusieurs enseignants et personnels tels que CPE, documentaliste, infirmi\u00e8re avait \u00e9galement pour objectif, de mettre en avant le travail des \u00e9l\u00e8ves de la 2GA3. Cette classe \u00e0 projets qui va notamment concourir le 29 Mars au Rallye citoyen au 2\u00e8me RPIMA de St-Pierre. Mais l\u00e0 c&rsquo;est une autre histoire&#8230; donc \u00e0 bient\u00f4t pour la suite de l&rsquo;aventure.<\/p>\n<p>Mme F. Chane-Son (Conseill\u00e8re Principale d\u2019\u00c9ducation)<\/p>\n<div id=\"attachment_2652\" style=\"width: 310px\" class=\"wp-caption alignnone\"><img loading=\"lazy\" decoding=\"async\" aria-describedby=\"caption-attachment-2652\" class=\"size-medium wp-image-2652\" src=\"https:\/\/etab.ac-reunion.fr\/lyc-rontaunay\/wp-content\/uploads\/sites\/34\/2018\/03\/Journ\u00e9e-des-droits-de-la-Femme-300x201.jpg\" alt=\"\" width=\"300\" height=\"201\" srcset=\"https:\/\/etab.ac-reunion.fr\/lyc-rontaunay\/wp-content\/uploads\/sites\/34\/2018\/03\/Journ\u00e9e-des-droits-de-la-Femme-300x201.jpg 300w, https:\/\/etab.ac-reunion.fr\/lyc-rontaunay\/wp-content\/uploads\/sites\/34\/2018\/03\/Journ\u00e9e-des-droits-de-la-Femme-1024x685.jpg 1024w, https:\/\/etab.ac-reunion.fr\/lyc-rontaunay\/wp-content\/uploads\/sites\/34\/2018\/03\/Journ\u00e9e-des-droits-de-la-Femme-140x94.jpg 140w\" sizes=\"(max-width: 300px) 100vw, 300px\" \/><p id=\"caption-attachment-2652\" class=\"wp-caption-text\">Exposition de Photos<\/p><\/div>\n<div id=\"attachment_2653\" style=\"width: 310px\" class=\"wp-caption alignnone\"><img loading=\"lazy\" decoding=\"async\" aria-describedby=\"caption-attachment-2653\" class=\"size-medium wp-image-2653\" src=\"https:\/\/etab.ac-reunion.fr\/lyc-rontaunay\/wp-content\/uploads\/sites\/34\/2018\/03\/DSC_0744-300x201.jpg\" alt=\"\" width=\"300\" height=\"201\" srcset=\"https:\/\/etab.ac-reunion.fr\/lyc-rontaunay\/wp-content\/uploads\/sites\/34\/2018\/03\/DSC_0744-300x201.jpg 300w, https:\/\/etab.ac-reunion.fr\/lyc-rontaunay\/wp-content\/uploads\/sites\/34\/2018\/03\/DSC_0744-1024x685.jpg 1024w, https:\/\/etab.ac-reunion.fr\/lyc-rontaunay\/wp-content\/uploads\/sites\/34\/2018\/03\/DSC_0744-140x94.jpg 140w\" sizes=\"(max-width: 300px) 100vw, 300px\" \/><p id=\"caption-attachment-2653\" class=\"wp-caption-text\">L&rsquo;\u00e9quipe des sketches<\/p><\/div>\n<div id=\"attachment_2654\" style=\"width: 310px\" class=\"wp-caption alignnone\"><img loading=\"lazy\" decoding=\"async\" aria-describedby=\"caption-attachment-2654\" class=\"size-medium wp-image-2654\" src=\"https:\/\/etab.ac-reunion.fr\/lyc-rontaunay\/wp-content\/uploads\/sites\/34\/2018\/03\/DSC_0725-300x201.jpg\" alt=\"\" width=\"300\" height=\"201\" srcset=\"https:\/\/etab.ac-reunion.fr\/lyc-rontaunay\/wp-content\/uploads\/sites\/34\/2018\/03\/DSC_0725-300x201.jpg 300w, https:\/\/etab.ac-reunion.fr\/lyc-rontaunay\/wp-content\/uploads\/sites\/34\/2018\/03\/DSC_0725-1024x685.jpg 1024w, https:\/\/etab.ac-reunion.fr\/lyc-rontaunay\/wp-content\/uploads\/sites\/34\/2018\/03\/DSC_0725-140x94.jpg 140w\" sizes=\"(max-width: 300px) 100vw, 300px\" \/><p id=\"caption-attachment-2654\" class=\"wp-caption-text\">Les \u00e9l\u00e8ves en action dans les ateliers<\/p><\/div>\n<div id=\"attachment_2655\" style=\"width: 310px\" class=\"wp-caption alignnone\"><img loading=\"lazy\" decoding=\"async\" aria-describedby=\"caption-attachment-2655\" class=\"size-medium wp-image-2655\" src=\"https:\/\/etab.ac-reunion.fr\/lyc-rontaunay\/wp-content\/uploads\/sites\/34\/2018\/03\/DSCN0114-300x225.jpg\" alt=\"\" width=\"300\" height=\"225\" srcset=\"https:\/\/etab.ac-reunion.fr\/lyc-rontaunay\/wp-content\/uploads\/sites\/34\/2018\/03\/DSCN0114-300x225.jpg 300w, https:\/\/etab.ac-reunion.fr\/lyc-rontaunay\/wp-content\/uploads\/sites\/34\/2018\/03\/DSCN0114-1024x768.jpg 1024w\" sizes=\"(max-width: 300px) 100vw, 300px\" \/><p id=\"caption-attachment-2655\" class=\"wp-caption-text\">L&rsquo;atelier des paroles de femmes<\/p><\/div>\n<div id=\"attachment_2659\" style=\"width: 310px\" class=\"wp-caption alignnone\"><img loading=\"lazy\" decoding=\"async\" aria-describedby=\"caption-attachment-2659\" class=\"size-medium wp-image-2659\" src=\"https:\/\/etab.ac-reunion.fr\/lyc-rontaunay\/wp-content\/uploads\/sites\/34\/2018\/03\/DSCN0101-300x225.jpg\" alt=\"\" width=\"300\" height=\"225\" srcset=\"https:\/\/etab.ac-reunion.fr\/lyc-rontaunay\/wp-content\/uploads\/sites\/34\/2018\/03\/DSCN0101-300x225.jpg 300w, https:\/\/etab.ac-reunion.fr\/lyc-rontaunay\/wp-content\/uploads\/sites\/34\/2018\/03\/DSCN0101-1024x768.jpg 1024w\" sizes=\"(max-width: 300px) 100vw, 300px\" \/><p id=\"caption-attachment-2659\" class=\"wp-caption-text\">L&rsquo;atelier sur Simone VEIL<\/p><\/div>\n<!-- AddThis Advanced Settings generic via filter on the_content --><!-- AddThis Share Buttons generic via filter on the_content -->","protected":false},"excerpt":{"rendered":"<p>Une matin\u00e9e consacr\u00e9e \u00e0 sensibiliser nos \u00e9l\u00e8ves de secondes aux droits des femmes. Plusieurs ateliers (9 au total) sur Simone VEIL, le Cin\u00e9toiles, des sketches, une exposition photos, des paroles [&hellip;]<!-- AddThis Advanced Settings generic via filter on get_the_excerpt --><!-- AddThis Share Buttons generic via filter on get_the_excerpt --><\/p>\n","protected":false},"author":17230,"featured_media":2658,"comment_status":"closed","ping_status":"closed","sticky":false,"template":"","format":"standard","meta":{"_et_pb_use_builder":"","_et_pb_old_content":"","_et_gb_content_width":"","footnotes":"","_links_to":"","_links_to_target":""},"categories":[7],"tags":[],"class_list":["post-2650","post","type-post","status-publish","format-standard","has-post-thumbnail","hentry","category-activites"],"_links":{"self":[{"href":"https:\/\/etab.ac-reunion.fr\/lyc-rontaunay\/wp-json\/wp\/v2\/posts\/2650","targetHints":{"allow":["GET"]}}],"collection":[{"href":"https:\/\/etab.ac-reunion.fr\/lyc-rontaunay\/wp-json\/wp\/v2\/posts"}],"about":[{"href":"https:\/\/etab.ac-reunion.fr\/lyc-rontaunay\/wp-json\/wp\/v2\/types\/post"}],"author":[{"embeddable":true,"href":"https:\/\/etab.ac-reunion.fr\/lyc-rontaunay\/wp-json\/wp\/v2\/users\/17230"}],"replies":[{"embeddable":true,"href":"https:\/\/etab.ac-reunion.fr\/lyc-rontaunay\/wp-json\/wp\/v2\/comments?post=2650"}],"version-history":[{"count":6,"href":"https:\/\/etab.ac-reunion.fr\/lyc-rontaunay\/wp-json\/wp\/v2\/posts\/2650\/revisions"}],"predecessor-version":[{"id":2663,"href":"https:\/\/etab.ac-reunion.fr\/lyc-rontaunay\/wp-json\/wp\/v2\/posts\/2650\/revisions\/2663"}],"wp:featuredmedia":[{"embeddable":true,"href":"https:\/\/etab.ac-reunion.fr\/lyc-rontaunay\/wp-json\/wp\/v2\/media\/2658"}],"wp:attachment":[{"href":"https:\/\/etab.ac-reunion.fr\/lyc-rontaunay\/wp-json\/wp\/v2\/media?parent=2650"}],"wp:term":[{"taxonomy":"category","embeddable":true,"href":"https:\/\/etab.ac-reunion.fr\/lyc-rontaunay\/wp-json\/wp\/v2\/categories?post=2650"},{"taxonomy":"post_tag","embeddable":true,"href":"https:\/\/etab.ac-reunion.fr\/lyc-rontaunay\/wp-json\/wp\/v2\/tags?post=2650"}],"curies":[{"name":"wp","href":"https:\/\/api.w.org\/{rel}","templated":true}]}}