{"id":3100,"date":"2018-09-26T22:17:25","date_gmt":"2018-09-26T18:17:25","guid":{"rendered":"http:\/\/lycee-rontaunay.ac-reunion.fr\/?p=3100"},"modified":"2018-09-26T22:45:28","modified_gmt":"2018-09-26T18:45:28","slug":"election-professionnelle-2018","status":"publish","type":"post","link":"https:\/\/etab.ac-reunion.fr\/lyc-rontaunay\/election-professionnelle-2018\/","title":{"rendered":"\u00c9lection professionnelle 2018"},"content":{"rendered":"<h1>\u00c9lection Professionnelle de la fonction publique<\/h1>\n[ \u00ab\u00a0Lors des \u00e9lections professionnelles du <strong>6 d\u00e9cembre 2018<\/strong>, 5,2 millions d\u2019agents publics seront appel\u00e9s \u00e0 voter pour choisir leurs repr\u00e9sentants du personnel si\u00e9geant dans les organismes consultatifs de la fonction publique (CT, CAP, CCP) pour un mandat d\u2019une dur\u00e9e de quatre ans. Dans le cadre du renouvellement g\u00e9n\u00e9ral des instances, seront \u00e9galement renouvel\u00e9s les mandats des repr\u00e9sentants des CHSCT ainsi que des conseils sup\u00e9rieurs (CSFPE, CSFPT, CSFPH et CCFP).<a href=\"https:\/\/etab.ac-reunion.fr\/lyc-rontaunay\/wp-content\/uploads\/sites\/34\/2018\/09\/Logo-\u00e9lection-professionnelle.png\"><img loading=\"lazy\" decoding=\"async\" class=\"wp-image-3101 alignright\" src=\"https:\/\/etab.ac-reunion.fr\/lyc-rontaunay\/wp-content\/uploads\/sites\/34\/2018\/09\/Logo-\u00e9lection-professionnelle.png\" alt=\"\" width=\"290\" height=\"116\" \/><\/a><\/p>\n<p>Les \u00e9lections professionnelles repr\u00e9sentent\u00a0 un enjeu de d\u00e9mocratie sociale : elles consacrent, par l\u2019\u00e9lection de leurs repr\u00e9sentants, le droit de participation des agents \u00e0 la d\u00e9termination des r\u00e8gles individuelles et collectives qui les concernent et permettent d\u2019\u00e9tablir la repr\u00e9sentativit\u00e9 des organisations syndicales \u00e0 tous les niveaux pertinents de la gestion publique.\u00a0\u00bb ] <a href=\"https:\/\/www.fonction-publique.gouv.fr\/elections-professionnelles2018\" target=\"_blank\" rel=\"noopener\"><em>(extrait du site le portail de la fonction publique &#8211; aller sur la page en cliquant ici).<\/em><\/a><\/p>\n<p style=\"text-align: center\">\n<!-- AddThis Advanced Settings generic via filter on the_content --><!-- AddThis Share Buttons generic via filter on the_content -->","protected":false},"excerpt":{"rendered":"<p>\u00c9lection Professionnelle de la fonction publique [ \u00ab\u00a0Lors des \u00e9lections professionnelles du 6 d\u00e9cembre 2018, 5,2 millions d\u2019agents publics seront appel\u00e9s \u00e0 voter pour choisir leurs repr\u00e9sentants du personnel si\u00e9geant [&hellip;]<!-- AddThis Advanced Settings generic via filter on get_the_excerpt --><!-- AddThis Share Buttons generic via filter on get_the_excerpt --><\/p>\n","protected":false},"author":126,"featured_media":854,"comment_status":"closed","ping_status":"closed","sticky":false,"template":"","format":"standard","meta":{"_et_pb_use_builder":"","_et_pb_old_content":"","_et_gb_content_width":"","footnotes":"","_links_to":"","_links_to_target":""},"categories":[9],"tags":[],"class_list":["post-3100","post","type-post","status-publish","format-standard","has-post-thumbnail","hentry","category-actualites"],"_links":{"self":[{"href":"https:\/\/etab.ac-reunion.fr\/lyc-rontaunay\/wp-json\/wp\/v2\/posts\/3100","targetHints":{"allow":["GET"]}}],"collection":[{"href":"https:\/\/etab.ac-reunion.fr\/lyc-rontaunay\/wp-json\/wp\/v2\/posts"}],"about":[{"href":"https:\/\/etab.ac-reunion.fr\/lyc-rontaunay\/wp-json\/wp\/v2\/types\/post"}],"author":[{"embeddable":true,"href":"https:\/\/etab.ac-reunion.fr\/lyc-rontaunay\/wp-json\/wp\/v2\/users\/126"}],"replies":[{"embeddable":true,"href":"https:\/\/etab.ac-reunion.fr\/lyc-rontaunay\/wp-json\/wp\/v2\/comments?post=3100"}],"version-history":[{"count":3,"href":"https:\/\/etab.ac-reunion.fr\/lyc-rontaunay\/wp-json\/wp\/v2\/posts\/3100\/revisions"}],"predecessor-version":[{"id":3105,"href":"https:\/\/etab.ac-reunion.fr\/lyc-rontaunay\/wp-json\/wp\/v2\/posts\/3100\/revisions\/3105"}],"wp:featuredmedia":[{"embeddable":true,"href":"https:\/\/etab.ac-reunion.fr\/lyc-rontaunay\/wp-json\/wp\/v2\/media\/854"}],"wp:attachment":[{"href":"https:\/\/etab.ac-reunion.fr\/lyc-rontaunay\/wp-json\/wp\/v2\/media?parent=3100"}],"wp:term":[{"taxonomy":"category","embeddable":true,"href":"https:\/\/etab.ac-reunion.fr\/lyc-rontaunay\/wp-json\/wp\/v2\/categories?post=3100"},{"taxonomy":"post_tag","embeddable":true,"href":"https:\/\/etab.ac-reunion.fr\/lyc-rontaunay\/wp-json\/wp\/v2\/tags?post=3100"}],"curies":[{"name":"wp","href":"https:\/\/api.w.org\/{rel}","templated":true}]}}