{"id":3132,"date":"2018-10-02T11:21:43","date_gmt":"2018-10-02T07:21:43","guid":{"rendered":"http:\/\/lycee-rontaunay.ac-reunion.fr\/?p=3132"},"modified":"2022-11-15T15:35:27","modified_gmt":"2022-11-15T11:35:27","slug":"le-plan-ordinateur-portable-pop-generation-3","status":"publish","type":"post","link":"https:\/\/etab.ac-reunion.fr\/lyc-rontaunay\/le-plan-ordinateur-portable-pop-generation-3\/","title":{"rendered":"Le Plan Ordinateur Portable (POP G\u00c9N\u00c9RATION 3)"},"content":{"rendered":"<h1 class=\"article_titre\">Lancement du POP 3 au lyc\u00e9e Julien de Rontaunay<a href=\"https:\/\/etab.ac-reunion.fr\/lyc-rontaunay\/wp-content\/uploads\/sites\/34\/2018\/10\/image-POP-GENERATION-3-2018-2019.jpg\"><img loading=\"lazy\" decoding=\"async\" class=\"alignright wp-image-3134\" src=\"https:\/\/etab.ac-reunion.fr\/lyc-rontaunay\/wp-content\/uploads\/sites\/34\/2018\/10\/image-POP-GENERATION-3-2018-2019-300x158.jpg\" alt=\"\" width=\"266\" height=\"140\" srcset=\"https:\/\/etab.ac-reunion.fr\/lyc-rontaunay\/wp-content\/uploads\/sites\/34\/2018\/10\/image-POP-GENERATION-3-2018-2019-300x158.jpg 300w, https:\/\/etab.ac-reunion.fr\/lyc-rontaunay\/wp-content\/uploads\/sites\/34\/2018\/10\/image-POP-GENERATION-3-2018-2019-1024x538.jpg 1024w, https:\/\/etab.ac-reunion.fr\/lyc-rontaunay\/wp-content\/uploads\/sites\/34\/2018\/10\/image-POP-GENERATION-3-2018-2019.jpg 1200w\" sizes=\"(max-width: 266px) 100vw, 266px\" \/><\/a><\/h1>\n<p>\u00ab\u00a0Ce lundi 1er octobre, le Pr\u00e9sident de R\u00e9gion, Didier ROBERT et Vincent PAYET, Vice-Pr\u00e9sident en charge du num\u00e9rique, ont lanc\u00e9 officiellement la p\u00e9riode 2018 de remise des bons POP G\u00e9n\u00e9ration 3 aux jeunes r\u00e9unionnais.<\/p>\n<p>Les premiers bons POP G\u00e9n\u00e9ration 3 ont ainsi \u00e9t\u00e9 distribu\u00e9s aux \u00e9l\u00e8ves du Lyc\u00e9e Rontaunay.<\/p>\n<p><strong>L\u2019acc\u00e8s au num\u00e9rique pour les jeunes qui sont les professionnels de demain, constituent une priorit\u00e9 pour la collectivit\u00e9 r\u00e9gionale.<\/strong><\/p>\n<p>\u00c0 travers le POP notamment, la R\u00e9gion a ainsi souhait\u00e9 cr\u00e9er les conditions d\u2019une v\u00e9ritable \u00e9galit\u00e9 des chances pour que tous les jeunes R\u00e9unionnais puissent disposer des m\u00eames possibilit\u00e9s d\u2019acc\u00e8s au num\u00e9rique.\u00a0\u00bb <em><a href=\"https:\/\/www.regionreunion.com\/actualite\/toute-l-actualite\/article\/lancement-du-pop-generation-3-plan-ordinateur-portable\" target=\"_blank\" rel=\"noopener\"><strong>(extrait du site https:\/\/www.regionreunion.com\/actualite &#8211; pour \u00eatre redirig\u00e9 sur le site de la R\u00e9gion cliquez ici)<\/strong><\/a><strong>.<\/strong> <\/em><\/p>\n<!-- AddThis Advanced Settings generic via filter on the_content --><!-- AddThis Share Buttons generic via filter on the_content -->","protected":false},"excerpt":{"rendered":"<p>Lancement du POP 3 au lyc\u00e9e Julien de Rontaunay \u00ab\u00a0Ce lundi 1er octobre, le Pr\u00e9sident de R\u00e9gion, Didier ROBERT et Vincent PAYET, Vice-Pr\u00e9sident en charge du num\u00e9rique, ont lanc\u00e9 officiellement [&hellip;]<!-- AddThis Advanced Settings generic via filter on get_the_excerpt --><!-- AddThis Share Buttons generic via filter on get_the_excerpt --><\/p>\n","protected":false},"author":126,"featured_media":3133,"comment_status":"closed","ping_status":"closed","sticky":false,"template":"","format":"standard","meta":{"_et_pb_use_builder":"","_et_pb_old_content":"","_et_gb_content_width":"","footnotes":"","_links_to":"","_links_to_target":""},"categories":[41],"tags":[],"class_list":["post-3132","post","type-post","status-publish","format-standard","has-post-thumbnail","hentry","category-annee-2018-19"],"_links":{"self":[{"href":"https:\/\/etab.ac-reunion.fr\/lyc-rontaunay\/wp-json\/wp\/v2\/posts\/3132","targetHints":{"allow":["GET"]}}],"collection":[{"href":"https:\/\/etab.ac-reunion.fr\/lyc-rontaunay\/wp-json\/wp\/v2\/posts"}],"about":[{"href":"https:\/\/etab.ac-reunion.fr\/lyc-rontaunay\/wp-json\/wp\/v2\/types\/post"}],"author":[{"embeddable":true,"href":"https:\/\/etab.ac-reunion.fr\/lyc-rontaunay\/wp-json\/wp\/v2\/users\/126"}],"replies":[{"embeddable":true,"href":"https:\/\/etab.ac-reunion.fr\/lyc-rontaunay\/wp-json\/wp\/v2\/comments?post=3132"}],"version-history":[{"count":2,"href":"https:\/\/etab.ac-reunion.fr\/lyc-rontaunay\/wp-json\/wp\/v2\/posts\/3132\/revisions"}],"predecessor-version":[{"id":3137,"href":"https:\/\/etab.ac-reunion.fr\/lyc-rontaunay\/wp-json\/wp\/v2\/posts\/3132\/revisions\/3137"}],"wp:featuredmedia":[{"embeddable":true,"href":"https:\/\/etab.ac-reunion.fr\/lyc-rontaunay\/wp-json\/wp\/v2\/media\/3133"}],"wp:attachment":[{"href":"https:\/\/etab.ac-reunion.fr\/lyc-rontaunay\/wp-json\/wp\/v2\/media?parent=3132"}],"wp:term":[{"taxonomy":"category","embeddable":true,"href":"https:\/\/etab.ac-reunion.fr\/lyc-rontaunay\/wp-json\/wp\/v2\/categories?post=3132"},{"taxonomy":"post_tag","embeddable":true,"href":"https:\/\/etab.ac-reunion.fr\/lyc-rontaunay\/wp-json\/wp\/v2\/tags?post=3132"}],"curies":[{"name":"wp","href":"https:\/\/api.w.org\/{rel}","templated":true}]}}