{"id":3187,"date":"2018-11-17T14:59:18","date_gmt":"2018-11-17T10:59:18","guid":{"rendered":"http:\/\/lycee-rontaunay.ac-reunion.fr\/?p=3187"},"modified":"2018-11-21T19:29:33","modified_gmt":"2018-11-21T15:29:33","slug":"seminaire-de-formation-des-delegues-du-lycee","status":"publish","type":"post","link":"https:\/\/etab.ac-reunion.fr\/lyc-rontaunay\/seminaire-de-formation-des-delegues-du-lycee\/","title":{"rendered":"S\u00e9minaire de formation des d\u00e9l\u00e9gu\u00e9s du lyc\u00e9e"},"content":{"rendered":"<h1>\u00catre d\u00e9l\u00e9gu\u00e9, une mission.<\/h1>\n<p><a href=\"https:\/\/etab.ac-reunion.fr\/lyc-rontaunay\/2018\/11\/21\/galerie-dimages-seminaire-des-delegues-2018\/\" target=\"_blank\" rel=\"noopener\"><em><strong><span style=\"color: #000080\">Le s\u00e9minaire en images (cliquez ici)<\/span><\/strong><\/em><\/a><\/p>\n<p>La formation des d\u00e9l\u00e9gu\u00e9s s&rsquo;est d\u00e9roul\u00e9 le jeudi 4 octobre au CREPS de St Denis. Tous les d\u00e9l\u00e9gu\u00e9s de 2ndes, de 1 \u00e8res ann\u00e9es de Cap et les \u00e9lus du CVL \u00e9taient pr\u00e9sents.<\/p>\n<p>Apr\u00e8s un bon petit d\u00e9jeuner dans le jardin du CREPS. Les \u00e9lus ont particip\u00e9 \u00e0 diff\u00e9rents ateliers sur :<\/p>\n<ul>\n<li>\u00catre d\u00e9l\u00e9gu\u00e9 c&rsquo;est quoi ? Son r\u00f4le.<\/li>\n<li>Conna\u00eetre son \u00e9tablissement<\/li>\n<li>Comment aider ses camarades : petit cas pratiques \u00e0 r\u00e9soudre<\/li>\n<li>Le conseil de classe : l&rsquo;instant d&rsquo;un jeu de r\u00f4le ils deviennent des enseignants, des CPE, des parents .<\/li>\n<li>la rumeur, ou comment transmettre une information ?<\/li>\n<li>Comment monter un projet ?<\/li>\n<\/ul>\n<p>Comme tous les ans les CPE \u00e9taient accompagn\u00e9s d&rsquo;enseignants volontaires, de l&rsquo;infirmi\u00e8re, de l&rsquo;assistante sociale, de l\u00e0 professeur documentaliste.<\/p>\n<p>L&rsquo;\u00e9quipe de direction nous a rejoint pour partager un repas au restaurant d&rsquo;Aquanor.<\/p>\n<p>A la fin de la journ\u00e9e \u00e9l\u00e8ves et formateurs se sont r\u00e9jouis de cette journ\u00e9e de formation. L&rsquo;\u00e9quipe de formateur souligne les \u00e9changes riches avec les \u00e9l\u00e8ves.<\/p>\n<!-- AddThis Advanced Settings generic via filter on the_content --><!-- AddThis Share Buttons generic via filter on the_content -->","protected":false},"excerpt":{"rendered":"<p>\u00catre d\u00e9l\u00e9gu\u00e9, une mission. Le s\u00e9minaire en images (cliquez ici) La formation des d\u00e9l\u00e9gu\u00e9s s&rsquo;est d\u00e9roul\u00e9 le jeudi 4 octobre au CREPS de St Denis. Tous les d\u00e9l\u00e9gu\u00e9s de 2ndes, [&hellip;]<!-- AddThis Advanced Settings generic via filter on get_the_excerpt --><!-- AddThis Share Buttons generic via filter on get_the_excerpt --><\/p>\n","protected":false},"author":126,"featured_media":1660,"comment_status":"closed","ping_status":"closed","sticky":false,"template":"","format":"standard","meta":{"_et_pb_use_builder":"","_et_pb_old_content":"","_et_gb_content_width":"","footnotes":"","_links_to":"","_links_to_target":""},"categories":[7],"tags":[],"class_list":["post-3187","post","type-post","status-publish","format-standard","has-post-thumbnail","hentry","category-activites"],"_links":{"self":[{"href":"https:\/\/etab.ac-reunion.fr\/lyc-rontaunay\/wp-json\/wp\/v2\/posts\/3187","targetHints":{"allow":["GET"]}}],"collection":[{"href":"https:\/\/etab.ac-reunion.fr\/lyc-rontaunay\/wp-json\/wp\/v2\/posts"}],"about":[{"href":"https:\/\/etab.ac-reunion.fr\/lyc-rontaunay\/wp-json\/wp\/v2\/types\/post"}],"author":[{"embeddable":true,"href":"https:\/\/etab.ac-reunion.fr\/lyc-rontaunay\/wp-json\/wp\/v2\/users\/126"}],"replies":[{"embeddable":true,"href":"https:\/\/etab.ac-reunion.fr\/lyc-rontaunay\/wp-json\/wp\/v2\/comments?post=3187"}],"version-history":[{"count":4,"href":"https:\/\/etab.ac-reunion.fr\/lyc-rontaunay\/wp-json\/wp\/v2\/posts\/3187\/revisions"}],"predecessor-version":[{"id":3255,"href":"https:\/\/etab.ac-reunion.fr\/lyc-rontaunay\/wp-json\/wp\/v2\/posts\/3187\/revisions\/3255"}],"wp:featuredmedia":[{"embeddable":true,"href":"https:\/\/etab.ac-reunion.fr\/lyc-rontaunay\/wp-json\/wp\/v2\/media\/1660"}],"wp:attachment":[{"href":"https:\/\/etab.ac-reunion.fr\/lyc-rontaunay\/wp-json\/wp\/v2\/media?parent=3187"}],"wp:term":[{"taxonomy":"category","embeddable":true,"href":"https:\/\/etab.ac-reunion.fr\/lyc-rontaunay\/wp-json\/wp\/v2\/categories?post=3187"},{"taxonomy":"post_tag","embeddable":true,"href":"https:\/\/etab.ac-reunion.fr\/lyc-rontaunay\/wp-json\/wp\/v2\/tags?post=3187"}],"curies":[{"name":"wp","href":"https:\/\/api.w.org\/{rel}","templated":true}]}}