{"id":3296,"date":"2019-02-25T22:45:32","date_gmt":"2019-02-25T18:45:32","guid":{"rendered":"http:\/\/lycee-rontaunay.ac-reunion.fr\/?p=3296"},"modified":"2023-04-20T17:04:40","modified_gmt":"2023-04-20T13:04:40","slug":"lutte-contre-toute-forme-de-discrimination","status":"publish","type":"post","link":"https:\/\/etab.ac-reunion.fr\/lyc-rontaunay\/lutte-contre-toute-forme-de-discrimination\/","title":{"rendered":"Lutte contre toute forme de discrimination"},"content":{"rendered":"<h1 style=\"text-align: left\">Journ\u00e9e d&rsquo;\u00e9ducation contre les discrimination : 5 mars 2019<\/h1>\n<p>\u00ab\u00a0La Journ\u00e9e internationale pour l&rsquo;\u00e9limination de la discrimination raciale est c\u00e9l\u00e9br\u00e9e chaque ann\u00e9e le 21 mars. En proclamant cette journ\u00e9e en 1966, l&rsquo;Assembl\u00e9e g\u00e9n\u00e9rale de l&rsquo;ONU a engag\u00e9 la communaut\u00e9 internationale \u00e0 redoubler d&rsquo;efforts pour \u00e9liminer toutes les formes de discrimination raciale.\u00a0\u00bb<a href=\"https:\/\/etab.ac-reunion.fr\/lyc-rontaunay\/wp-content\/uploads\/sites\/34\/2019\/02\/Panneau-equal-rights.jpg\"><img loading=\"lazy\" decoding=\"async\" class=\"size-medium wp-image-3299 alignright\" src=\"https:\/\/etab.ac-reunion.fr\/lyc-rontaunay\/wp-content\/uploads\/sites\/34\/2019\/02\/Panneau-equal-rights-300x99.jpg\" alt=\"\" width=\"300\" height=\"99\" srcset=\"https:\/\/etab.ac-reunion.fr\/lyc-rontaunay\/wp-content\/uploads\/sites\/34\/2019\/02\/Panneau-equal-rights-300x99.jpg 300w, https:\/\/etab.ac-reunion.fr\/lyc-rontaunay\/wp-content\/uploads\/sites\/34\/2019\/02\/Panneau-equal-rights.jpg 389w\" sizes=\"(max-width: 300px) 100vw, 300px\" \/><\/a><\/p>\n<p>\u00ab\u00a0Temps fort de la <b>mobilisation de la communaut\u00e9 \u00e9ducative pour pr\u00e9venir toute forme de discrimination ou de violence fond\u00e9e sur l&rsquo;origine ou l&rsquo;appartenance religieuse<\/b>, la semaine du 18 au 24 mars 2019 doit \u00eatre l&rsquo;occasion, dans les enseignements, en particulier l&rsquo;enseignement moral et civique, les actions \u00e9ducatives et l&rsquo;ensemble des situations concr\u00e8tes de la vie scolaire, de <b>mener des r\u00e9flexions et de conduire des actions visant \u00e0 rappeler le sens des valeurs de respect, de dignit\u00e9 et d&rsquo;\u00e9galit\u00e9.<\/b>\u00a0\u00bb<\/p>\n<p><a href=\"https:\/\/etab.ac-reunion.fr\/lyc-rontaunay\/wp-content\/uploads\/sites\/34\/2019\/02\/Image-tous-unis-contre-la-haine-2.jpg\"><img loading=\"lazy\" decoding=\"async\" class=\"size-medium wp-image-3297 aligncenter\" src=\"https:\/\/etab.ac-reunion.fr\/lyc-rontaunay\/wp-content\/uploads\/sites\/34\/2019\/02\/Image-tous-unis-contre-la-haine-2-300x124.jpg\" alt=\"\" width=\"300\" height=\"124\" srcset=\"https:\/\/etab.ac-reunion.fr\/lyc-rontaunay\/wp-content\/uploads\/sites\/34\/2019\/02\/Image-tous-unis-contre-la-haine-2-300x124.jpg 300w, https:\/\/etab.ac-reunion.fr\/lyc-rontaunay\/wp-content\/uploads\/sites\/34\/2019\/02\/Image-tous-unis-contre-la-haine-2.jpg 680w\" sizes=\"(max-width: 300px) 100vw, 300px\" \/><\/a><\/p>\n<p><em>(Source eduscol : http:\/\/eduscol.education.fr\/cid86337\/du-16-au-21-mars-2015.html)<\/em><\/p>\n<!-- AddThis Advanced Settings generic via filter on the_content --><!-- AddThis Share Buttons generic via filter on the_content -->","protected":false},"excerpt":{"rendered":"<p>Journ\u00e9e d&rsquo;\u00e9ducation contre les discrimination : 5 mars 2019 \u00ab\u00a0La Journ\u00e9e internationale pour l&rsquo;\u00e9limination de la discrimination raciale est c\u00e9l\u00e9br\u00e9e chaque ann\u00e9e le 21 mars. En proclamant cette journ\u00e9e en [&hellip;]<!-- AddThis Advanced Settings generic via filter on get_the_excerpt --><!-- AddThis Share Buttons generic via filter on get_the_excerpt --><\/p>\n","protected":false},"author":126,"featured_media":3298,"comment_status":"closed","ping_status":"closed","sticky":false,"template":"","format":"standard","meta":{"_et_pb_use_builder":"","_et_pb_old_content":"","_et_gb_content_width":"","footnotes":"","_links_to":"","_links_to_target":""},"categories":[41],"tags":[],"class_list":["post-3296","post","type-post","status-publish","format-standard","has-post-thumbnail","hentry","category-annee-2018-19"],"_links":{"self":[{"href":"https:\/\/etab.ac-reunion.fr\/lyc-rontaunay\/wp-json\/wp\/v2\/posts\/3296","targetHints":{"allow":["GET"]}}],"collection":[{"href":"https:\/\/etab.ac-reunion.fr\/lyc-rontaunay\/wp-json\/wp\/v2\/posts"}],"about":[{"href":"https:\/\/etab.ac-reunion.fr\/lyc-rontaunay\/wp-json\/wp\/v2\/types\/post"}],"author":[{"embeddable":true,"href":"https:\/\/etab.ac-reunion.fr\/lyc-rontaunay\/wp-json\/wp\/v2\/users\/126"}],"replies":[{"embeddable":true,"href":"https:\/\/etab.ac-reunion.fr\/lyc-rontaunay\/wp-json\/wp\/v2\/comments?post=3296"}],"version-history":[{"count":4,"href":"https:\/\/etab.ac-reunion.fr\/lyc-rontaunay\/wp-json\/wp\/v2\/posts\/3296\/revisions"}],"predecessor-version":[{"id":6627,"href":"https:\/\/etab.ac-reunion.fr\/lyc-rontaunay\/wp-json\/wp\/v2\/posts\/3296\/revisions\/6627"}],"wp:featuredmedia":[{"embeddable":true,"href":"https:\/\/etab.ac-reunion.fr\/lyc-rontaunay\/wp-json\/wp\/v2\/media\/3298"}],"wp:attachment":[{"href":"https:\/\/etab.ac-reunion.fr\/lyc-rontaunay\/wp-json\/wp\/v2\/media?parent=3296"}],"wp:term":[{"taxonomy":"category","embeddable":true,"href":"https:\/\/etab.ac-reunion.fr\/lyc-rontaunay\/wp-json\/wp\/v2\/categories?post=3296"},{"taxonomy":"post_tag","embeddable":true,"href":"https:\/\/etab.ac-reunion.fr\/lyc-rontaunay\/wp-json\/wp\/v2\/tags?post=3296"}],"curies":[{"name":"wp","href":"https:\/\/api.w.org\/{rel}","templated":true}]}}