{"id":7142,"date":"2023-10-07T07:52:19","date_gmt":"2023-10-07T03:52:19","guid":{"rendered":"https:\/\/etab.ac-reunion.fr\/lyc-rontaunay\/?p=7142"},"modified":"2023-10-13T17:26:52","modified_gmt":"2023-10-13T13:26:52","slug":"7eme-edition-les-entretiens-professionnels","status":"publish","type":"post","link":"https:\/\/etab.ac-reunion.fr\/lyc-rontaunay\/7eme-edition-les-entretiens-professionnels\/","title":{"rendered":"7\u00e8me \u00e9dition des \u00ab ENTRETIENS PROFESSIONNELS \u00bb BAC PRO et CAP  au LP Julien de RONTAUNAY 2023"},"content":{"rendered":"<p>&nbsp;<\/p>\n<p>Dans le cadre de l\u2019accompagnement des nouveaux \u00e9l\u00e8ves pour une meilleure int\u00e9gration, le lyc\u00e9e Julien de RONATAUNAY consacre une matin\u00e9e \u00e0 des entretiens professionnels. 22 professionnels et 22 enseignants ont \u00e9t\u00e9 accueillis d\u00e8s 7h 30 autour d\u2019un petit d\u00e9jeuner concoct\u00e9 par les \u00e9l\u00e8ves de 2<sup>\u00e8me<\/sup> ann\u00e9e CAP ATMFC.<\/p>\n<p>Les \u00e9l\u00e8ves se pr\u00e9sentent avec leur CV devant un bin\u00f4me compos\u00e9 d\u2019un.e enseignant.e et d\u2019un.e professionnel.le. Apr\u00e8s s\u2019\u00eatre pr\u00e9sent\u00e9.e, l\u2019\u00e9l\u00e8ve r\u00e9pond aux questions qui lui sont pos\u00e9es \u00e0 partir de sa pr\u00e9sentation.<\/p>\n<p>Cette matin\u00e9e permet \u00e0 nos \u00e9l\u00e8ves qui arrivent du coll\u00e8ge d\u2019avoir un r\u00e9el \u00e9change avec le monde du travail. Cela pouvant m\u00eame conduire \u00e0 obtenir un stage.<\/p>\n<p>&nbsp;<\/p>\n<div style=\"width: 1080px;\" class=\"wp-video\"><video class=\"wp-video-shortcode\" id=\"video-7142-1\" width=\"1080\" height=\"608\" preload=\"metadata\" controls=\"controls\"><source type=\"video\/mp4\" src=\"https:\/\/etab.ac-reunion.fr\/lyc-rontaunay\/wp-content\/uploads\/sites\/34\/2023\/10\/Untitled1.mp4?_=1\" \/><a href=\"https:\/\/etab.ac-reunion.fr\/lyc-rontaunay\/wp-content\/uploads\/sites\/34\/2023\/10\/Untitled1.mp4\">https:\/\/etab.ac-reunion.fr\/lyc-rontaunay\/wp-content\/uploads\/sites\/34\/2023\/10\/Untitled1.mp4<\/a><\/video><\/div>\n<p>&nbsp;<\/p>\n<div style=\"width: 1080px;\" class=\"wp-video\"><video class=\"wp-video-shortcode\" id=\"video-7142-2\" width=\"1080\" height=\"608\" preload=\"metadata\" controls=\"controls\"><source type=\"video\/mp4\" src=\"https:\/\/etab.ac-reunion.fr\/lyc-rontaunay\/wp-content\/uploads\/sites\/34\/2023\/10\/cap-entretien-pro.mp4?_=2\" \/><a href=\"https:\/\/etab.ac-reunion.fr\/lyc-rontaunay\/wp-content\/uploads\/sites\/34\/2023\/10\/cap-entretien-pro.mp4\">https:\/\/etab.ac-reunion.fr\/lyc-rontaunay\/wp-content\/uploads\/sites\/34\/2023\/10\/cap-entretien-pro.mp4<\/a><\/video><\/div>\n<!-- AddThis Advanced Settings generic via filter on the_content --><!-- AddThis Share Buttons generic via filter on the_content -->","protected":false},"excerpt":{"rendered":"<p>&nbsp; Dans le cadre de l\u2019accompagnement des nouveaux \u00e9l\u00e8ves pour une meilleure int\u00e9gration, le lyc\u00e9e Julien de RONATAUNAY consacre une matin\u00e9e \u00e0 des entretiens professionnels. 22 professionnels et 22 enseignants [&hellip;]<!-- AddThis Advanced Settings generic via filter on get_the_excerpt --><!-- AddThis Share Buttons generic via filter on get_the_excerpt --><\/p>\n","protected":false},"author":20534,"featured_media":0,"comment_status":"closed","ping_status":"closed","sticky":false,"template":"","format":"standard","meta":{"_et_pb_use_builder":"","_et_pb_old_content":"","_et_gb_content_width":"","footnotes":"","_links_to":"","_links_to_target":""},"categories":[52],"tags":[],"class_list":["post-7142","post","type-post","status-publish","format-standard","hentry","category-annee-2023-24"],"_links":{"self":[{"href":"https:\/\/etab.ac-reunion.fr\/lyc-rontaunay\/wp-json\/wp\/v2\/posts\/7142","targetHints":{"allow":["GET"]}}],"collection":[{"href":"https:\/\/etab.ac-reunion.fr\/lyc-rontaunay\/wp-json\/wp\/v2\/posts"}],"about":[{"href":"https:\/\/etab.ac-reunion.fr\/lyc-rontaunay\/wp-json\/wp\/v2\/types\/post"}],"author":[{"embeddable":true,"href":"https:\/\/etab.ac-reunion.fr\/lyc-rontaunay\/wp-json\/wp\/v2\/users\/20534"}],"replies":[{"embeddable":true,"href":"https:\/\/etab.ac-reunion.fr\/lyc-rontaunay\/wp-json\/wp\/v2\/comments?post=7142"}],"version-history":[{"count":7,"href":"https:\/\/etab.ac-reunion.fr\/lyc-rontaunay\/wp-json\/wp\/v2\/posts\/7142\/revisions"}],"predecessor-version":[{"id":7165,"href":"https:\/\/etab.ac-reunion.fr\/lyc-rontaunay\/wp-json\/wp\/v2\/posts\/7142\/revisions\/7165"}],"wp:attachment":[{"href":"https:\/\/etab.ac-reunion.fr\/lyc-rontaunay\/wp-json\/wp\/v2\/media?parent=7142"}],"wp:term":[{"taxonomy":"category","embeddable":true,"href":"https:\/\/etab.ac-reunion.fr\/lyc-rontaunay\/wp-json\/wp\/v2\/categories?post=7142"},{"taxonomy":"post_tag","embeddable":true,"href":"https:\/\/etab.ac-reunion.fr\/lyc-rontaunay\/wp-json\/wp\/v2\/tags?post=7142"}],"curies":[{"name":"wp","href":"https:\/\/api.w.org\/{rel}","templated":true}]}}