{"id":7188,"date":"2023-11-02T11:00:28","date_gmt":"2023-11-02T07:00:28","guid":{"rendered":"https:\/\/etab.ac-reunion.fr\/lyc-rontaunay\/?p=7188"},"modified":"2023-11-06T17:42:16","modified_gmt":"2023-11-06T13:42:16","slug":"journee-academique-de-la-voie-professionnelle-dans-tous-ses-chefs-doeuvre","status":"publish","type":"post","link":"https:\/\/etab.ac-reunion.fr\/lyc-rontaunay\/journee-academique-de-la-voie-professionnelle-dans-tous-ses-chefs-doeuvre\/","title":{"rendered":"Journ\u00e9e acad\u00e9mique de la voie professionnelle dans tous ses chefs d\u2019\u0153uvre"},"content":{"rendered":"<p>La semaine des lyc\u00e9es professionnels, qui se d\u00e9roulera du 4 au 8 d\u00e9cembre 2023, nous donnera l&rsquo;occasion de mieux mettre en valeur et faire connaitre les transformations en profondeur qui affectent la voie et le lyc\u00e9e professionnels et le poids relatif qu\u2019ils occupent dans notre acad\u00e9mie, en contribuant \u00e0 l\u2019am\u00e9lioration de l\u2019information et des choix d&rsquo;orientation de nos coll\u00e9giens et \u00e0 la formation de leurs enseignants. \u00ab\u00a0Journ\u00e9e acad\u00e9mique de la voie professionnelle dans tous ses chefs d\u2019\u0153uvre\u00a0\u00bb dans laquelle sont pr\u00e9sent\u00e9s les travaux des \u00e9l\u00e8ves laur\u00e9ats de la c\u00e9r\u00e9monie qui s&rsquo;est d\u00e9roul\u00e9e le 2 juin dernier via ce lien <a href=\"https:\/\/www.ac-reunion.fr\/journee-academique-la-voie-professionnelle-dans-tous-ses-chefs-d-oeuvre-126812\">https:\/\/www.ac-reunion.fr\/journee-academique-la-voie-professionnelle-dans-tous-ses-chefs-d-oeuvre-126812<\/a><\/p>\n<p><a href=\"https:\/\/www.linkedin.com\/posts\/serge-marizy-9444a1183_reportage-tv-la-voie-professionnelle-activity-7067317824817414144-I5HS?utm_source=share&amp;utm_medium=member_desktop\">VIDEO chef d oeuvre de nos \u00e9l\u00e8ves 2023 , cliquez ici<\/a><\/p>\n<p><img loading=\"lazy\" decoding=\"async\" class=\"size-large aligncenter\" src=\"https:\/\/www.ac-reunion.fr\/sites\/ac_reunion\/files\/2023-05\/bache-jpg-26204.jpg\" width=\"1843\" height=\"2101\" \/><\/p>\n<!-- AddThis Advanced Settings generic via filter on the_content --><!-- AddThis Share Buttons generic via filter on the_content -->","protected":false},"excerpt":{"rendered":"<p>La semaine des lyc\u00e9es professionnels, qui se d\u00e9roulera du 4 au 8 d\u00e9cembre 2023, nous donnera l&rsquo;occasion de mieux mettre en valeur et faire connaitre les transformations en profondeur qui [&hellip;]<!-- AddThis Advanced Settings generic via filter on get_the_excerpt --><!-- AddThis Share Buttons generic via filter on get_the_excerpt --><\/p>\n","protected":false},"author":20534,"featured_media":0,"comment_status":"closed","ping_status":"closed","sticky":false,"template":"","format":"standard","meta":{"_et_pb_use_builder":"off","_et_pb_old_content":"","_et_gb_content_width":"","footnotes":"","_links_to":"","_links_to_target":""},"categories":[52,13],"tags":[],"class_list":["post-7188","post","type-post","status-publish","format-standard","hentry","category-annee-2023-24","category-evenements"],"_links":{"self":[{"href":"https:\/\/etab.ac-reunion.fr\/lyc-rontaunay\/wp-json\/wp\/v2\/posts\/7188","targetHints":{"allow":["GET"]}}],"collection":[{"href":"https:\/\/etab.ac-reunion.fr\/lyc-rontaunay\/wp-json\/wp\/v2\/posts"}],"about":[{"href":"https:\/\/etab.ac-reunion.fr\/lyc-rontaunay\/wp-json\/wp\/v2\/types\/post"}],"author":[{"embeddable":true,"href":"https:\/\/etab.ac-reunion.fr\/lyc-rontaunay\/wp-json\/wp\/v2\/users\/20534"}],"replies":[{"embeddable":true,"href":"https:\/\/etab.ac-reunion.fr\/lyc-rontaunay\/wp-json\/wp\/v2\/comments?post=7188"}],"version-history":[{"count":8,"href":"https:\/\/etab.ac-reunion.fr\/lyc-rontaunay\/wp-json\/wp\/v2\/posts\/7188\/revisions"}],"predecessor-version":[{"id":7200,"href":"https:\/\/etab.ac-reunion.fr\/lyc-rontaunay\/wp-json\/wp\/v2\/posts\/7188\/revisions\/7200"}],"wp:attachment":[{"href":"https:\/\/etab.ac-reunion.fr\/lyc-rontaunay\/wp-json\/wp\/v2\/media?parent=7188"}],"wp:term":[{"taxonomy":"category","embeddable":true,"href":"https:\/\/etab.ac-reunion.fr\/lyc-rontaunay\/wp-json\/wp\/v2\/categories?post=7188"},{"taxonomy":"post_tag","embeddable":true,"href":"https:\/\/etab.ac-reunion.fr\/lyc-rontaunay\/wp-json\/wp\/v2\/tags?post=7188"}],"curies":[{"name":"wp","href":"https:\/\/api.w.org\/{rel}","templated":true}]}}