{"id":7256,"date":"2023-12-14T13:08:39","date_gmt":"2023-12-14T09:08:39","guid":{"rendered":"https:\/\/etab.ac-reunion.fr\/lyc-rontaunay\/?p=7256"},"modified":"2024-01-30T08:25:54","modified_gmt":"2024-01-30T04:25:54","slug":"2atmfc-repas-de-noel-2023","status":"publish","type":"post","link":"https:\/\/etab.ac-reunion.fr\/lyc-rontaunay\/2atmfc-repas-de-noel-2023\/","title":{"rendered":"2ATMFC Repas de No\u00ebl 2023"},"content":{"rendered":"<p>Comme chaque ann\u00e9e, les \u00e9l\u00e8ves de classe ATMFC r\u00e9alisent le repas de No\u00ebl.<\/p>\n<p>une vid\u00e9o du discours du proviseur.<\/p>\n<div class=\"wp-playlist wp-video-playlist wp-playlist-light\">\n\t\t<video controls=\"controls\" preload=\"none\" width=\"1058\"\n\t\t height=\"595\"\t><\/video>\n\t<div class=\"wp-playlist-next\"><\/div>\n\t<div class=\"wp-playlist-prev\"><\/div>\n\t<noscript>\n\t<ol>\n\t\t<li><a href='https:\/\/etab.ac-reunion.fr\/lyc-rontaunay\/wp-content\/uploads\/sites\/34\/2024\/01\/2ATMFC-Mot-du-proviseur.mp4'>2ATMFC Mot du proviseur<\/a><\/li>\t<\/ol>\n\t<\/noscript>\n\t<script type=\"application\/json\" class=\"wp-playlist-script\">{\"type\":\"video\",\"tracklist\":true,\"tracknumbers\":true,\"images\":true,\"artists\":true,\"tracks\":[{\"src\":\"https:\/\/etab.ac-reunion.fr\/lyc-rontaunay\/wp-content\/uploads\/sites\/34\/2024\/01\/2ATMFC-Mot-du-proviseur.mp4\",\"type\":\"video\/mp4\",\"title\":\"2ATMFC Mot du proviseur\",\"caption\":\"\",\"description\":\"\",\"meta\":{\"length_formatted\":\"1:34\"},\"dimensions\":{\"original\":{\"width\":1280,\"height\":720},\"resized\":{\"width\":1058,\"height\":595}},\"image\":{\"src\":\"https:\/\/etab.ac-reunion.fr\/lyc-rontaunay\/wp-content\/plugins\/media-library-assistant\/images\/crystal\/video.png\",\"width\":48,\"height\":64},\"thumb\":{\"src\":\"https:\/\/etab.ac-reunion.fr\/lyc-rontaunay\/wp-content\/plugins\/media-library-assistant\/images\/crystal\/video.png\",\"width\":48,\"height\":64}}]}<\/script>\n<\/div>\n\t\n<p>&nbsp;<\/p>\n<p><a href=\"https:\/\/etab.ac-reunion.fr\/lyc-rontaunay\/2atmfc-repas-de-noel-2023\/img_2317\/\" rel=\"attachment wp-att-7259\"><img loading=\"lazy\" decoding=\"async\" class=\"aligncenter size-large wp-image-7259\" src=\"https:\/\/etab.ac-reunion.fr\/lyc-rontaunay\/wp-content\/uploads\/sites\/34\/2023\/12\/IMG_2317-1024x768.jpg\" alt=\"\" width=\"1024\" height=\"768\" srcset=\"https:\/\/etab.ac-reunion.fr\/lyc-rontaunay\/wp-content\/uploads\/sites\/34\/2023\/12\/IMG_2317-980x735.jpg 980w, https:\/\/etab.ac-reunion.fr\/lyc-rontaunay\/wp-content\/uploads\/sites\/34\/2023\/12\/IMG_2317-480x360.jpg 480w\" sizes=\"(min-width: 0px) and (max-width: 480px) 480px, (min-width: 481px) and (max-width: 980px) 980px, (min-width: 981px) 1024px, 100vw\" \/><\/a> <a href=\"https:\/\/etab.ac-reunion.fr\/lyc-rontaunay\/2atmfc-repas-de-noel-2023\/img_2316\/\" rel=\"attachment wp-att-7260\"><img loading=\"lazy\" decoding=\"async\" class=\"aligncenter size-large wp-image-7260\" src=\"https:\/\/etab.ac-reunion.fr\/lyc-rontaunay\/wp-content\/uploads\/sites\/34\/2023\/12\/IMG_2316-1024x768.jpg\" alt=\"\" width=\"1024\" height=\"768\" srcset=\"https:\/\/etab.ac-reunion.fr\/lyc-rontaunay\/wp-content\/uploads\/sites\/34\/2023\/12\/IMG_2316-980x735.jpg 980w, https:\/\/etab.ac-reunion.fr\/lyc-rontaunay\/wp-content\/uploads\/sites\/34\/2023\/12\/IMG_2316-480x360.jpg 480w\" sizes=\"(min-width: 0px) and (max-width: 480px) 480px, (min-width: 481px) and (max-width: 980px) 980px, (min-width: 981px) 1024px, 100vw\" \/><\/a> <a href=\"https:\/\/etab.ac-reunion.fr\/lyc-rontaunay\/2atmfc-repas-de-noel-2023\/img_2315\/\" rel=\"attachment wp-att-7261\"><img loading=\"lazy\" decoding=\"async\" class=\"aligncenter size-large wp-image-7261\" src=\"https:\/\/etab.ac-reunion.fr\/lyc-rontaunay\/wp-content\/uploads\/sites\/34\/2023\/12\/IMG_2315-1024x768.jpg\" alt=\"\" width=\"1024\" height=\"768\" srcset=\"https:\/\/etab.ac-reunion.fr\/lyc-rontaunay\/wp-content\/uploads\/sites\/34\/2023\/12\/IMG_2315-980x735.jpg 980w, https:\/\/etab.ac-reunion.fr\/lyc-rontaunay\/wp-content\/uploads\/sites\/34\/2023\/12\/IMG_2315-480x360.jpg 480w\" sizes=\"(min-width: 0px) and (max-width: 480px) 480px, (min-width: 481px) and (max-width: 980px) 980px, (min-width: 981px) 1024px, 100vw\" \/><\/a> <a href=\"https:\/\/etab.ac-reunion.fr\/lyc-rontaunay\/2atmfc-repas-de-noel-2023\/img_2318\/\" rel=\"attachment wp-att-7262\"><img loading=\"lazy\" decoding=\"async\" class=\"aligncenter size-large wp-image-7262\" src=\"https:\/\/etab.ac-reunion.fr\/lyc-rontaunay\/wp-content\/uploads\/sites\/34\/2023\/12\/IMG_2318-1024x768.jpg\" alt=\"\" width=\"1024\" height=\"768\" srcset=\"https:\/\/etab.ac-reunion.fr\/lyc-rontaunay\/wp-content\/uploads\/sites\/34\/2023\/12\/IMG_2318-980x735.jpg 980w, https:\/\/etab.ac-reunion.fr\/lyc-rontaunay\/wp-content\/uploads\/sites\/34\/2023\/12\/IMG_2318-480x360.jpg 480w\" sizes=\"(min-width: 0px) and (max-width: 480px) 480px, (min-width: 481px) and (max-width: 980px) 980px, (min-width: 981px) 1024px, 100vw\" \/><\/a><\/p>\n<!-- AddThis Advanced Settings generic via filter on the_content --><!-- AddThis Share Buttons generic via filter on the_content -->","protected":false},"excerpt":{"rendered":"<p>Comme chaque ann\u00e9e, les \u00e9l\u00e8ves de classe ATMFC r\u00e9alisent le repas de No\u00ebl. une vid\u00e9o du discours du proviseur. &nbsp;<!-- AddThis Advanced Settings generic via filter on get_the_excerpt --><!-- AddThis Share Buttons generic via filter on get_the_excerpt --><\/p>\n","protected":false},"author":20534,"featured_media":0,"comment_status":"closed","ping_status":"closed","sticky":false,"template":"","format":"standard","meta":{"_et_pb_use_builder":"","_et_pb_old_content":"","_et_gb_content_width":"","footnotes":"","_links_to":"","_links_to_target":""},"categories":[52],"tags":[],"class_list":["post-7256","post","type-post","status-publish","format-standard","hentry","category-annee-2023-24"],"_links":{"self":[{"href":"https:\/\/etab.ac-reunion.fr\/lyc-rontaunay\/wp-json\/wp\/v2\/posts\/7256","targetHints":{"allow":["GET"]}}],"collection":[{"href":"https:\/\/etab.ac-reunion.fr\/lyc-rontaunay\/wp-json\/wp\/v2\/posts"}],"about":[{"href":"https:\/\/etab.ac-reunion.fr\/lyc-rontaunay\/wp-json\/wp\/v2\/types\/post"}],"author":[{"embeddable":true,"href":"https:\/\/etab.ac-reunion.fr\/lyc-rontaunay\/wp-json\/wp\/v2\/users\/20534"}],"replies":[{"embeddable":true,"href":"https:\/\/etab.ac-reunion.fr\/lyc-rontaunay\/wp-json\/wp\/v2\/comments?post=7256"}],"version-history":[{"count":3,"href":"https:\/\/etab.ac-reunion.fr\/lyc-rontaunay\/wp-json\/wp\/v2\/posts\/7256\/revisions"}],"predecessor-version":[{"id":7277,"href":"https:\/\/etab.ac-reunion.fr\/lyc-rontaunay\/wp-json\/wp\/v2\/posts\/7256\/revisions\/7277"}],"wp:attachment":[{"href":"https:\/\/etab.ac-reunion.fr\/lyc-rontaunay\/wp-json\/wp\/v2\/media?parent=7256"}],"wp:term":[{"taxonomy":"category","embeddable":true,"href":"https:\/\/etab.ac-reunion.fr\/lyc-rontaunay\/wp-json\/wp\/v2\/categories?post=7256"},{"taxonomy":"post_tag","embeddable":true,"href":"https:\/\/etab.ac-reunion.fr\/lyc-rontaunay\/wp-json\/wp\/v2\/tags?post=7256"}],"curies":[{"name":"wp","href":"https:\/\/api.w.org\/{rel}","templated":true}]}}