{"id":7315,"date":"2024-04-09T23:58:54","date_gmt":"2024-04-09T19:58:54","guid":{"rendered":"https:\/\/etab.ac-reunion.fr\/lyc-rontaunay\/?p=7315"},"modified":"2024-04-26T12:49:11","modified_gmt":"2024-04-26T08:49:11","slug":"erasmus-dnl-au-portugal","status":"publish","type":"post","link":"https:\/\/etab.ac-reunion.fr\/lyc-rontaunay\/erasmus-dnl-au-portugal\/","title":{"rendered":"ERASMUS DNL au PORTUGAL"},"content":{"rendered":"<p>&nbsp;<\/p>\n<p>Accompagn\u00e9s de leurs enseignants, 17 \u00e9l\u00e8ves entreprennent un p\u00e9riple d&rsquo;un mois dans la fascinante capitale portugaise. Au c\u0153ur de cette aventure, des stages en entreprises locales leur offriront l&rsquo;opportunit\u00e9 d&rsquo;explorer divers secteurs professionnels, d&rsquo;acqu\u00e9rir de pr\u00e9cieuses comp\u00e9tences pratiques et de d\u00e9velopper une compr\u00e9hension approfondie du monde du travail international. Parall\u00e8lement \u00e0 leurs missions professionnelles, ces jeunes ambassadeurs de l&rsquo;\u00e9ducation se laisseront envo\u00fbter par les charmes de Lisbonne, de ses ruelles pittoresques \u00e0 ses places anim\u00e9es, en passant par sa riche histoire et sa gastronomie exquise. Ce voyage promet non seulement une exp\u00e9rience professionnelle unique, mais \u00e9galement une immersion culturelle inoubliable pour ces lyc\u00e9ens avides de d\u00e9couvertes. Si heureux de partir apr\u00e8s des mois de pr\u00e9parations ardues, la classe de 1ere DNL Avril Mai 2024 s&rsquo;envole vers le Portugal pour la PFMP 4.<\/p>\n<hr \/>\n<p>Le 6 avril dernier, l&rsquo;a\u00e9roport de la R\u00e9union vibrait d&rsquo;une excitation particuli\u00e8re alors que 17 \u00e9l\u00e8ves du lyc\u00e9e professionnel Julien de Rontaunay s&rsquo;appr\u00eataient \u00e0 entamer une aventure inoubliable. Charg\u00e9s d&rsquo;enthousiasme et de curiosit\u00e9, ils s&rsquo;envol\u00e8rent vers l&rsquo;Europe pour un p\u00e9riple d&rsquo;un mois dans le cadre du prestigieux programme Erasmus DNL.<\/p>\n<p>Apr\u00e8s une escale \u00e0 l&rsquo;a\u00e9roport d&rsquo;Orly, o\u00f9 ils eurent l&rsquo;occasion de s&rsquo;impr\u00e9gner des premi\u00e8res nuances de la culture fran\u00e7aise, nos jeunes voyageurs reprirent leur vol en direction de Lisbonne. Le 7 avril, ils furent accueillis par les doux rayons du soleil portugais et l&rsquo;atmosph\u00e8re chaleureuse de cette ville embl\u00e9matique. Entre le contraste saisissant des paysages, les \u00e9chos des langues \u00e9trang\u00e8res et l&rsquo;excitation palpable, ce premier jour marqua le d\u00e9but d&rsquo;une aventure riche en d\u00e9couvertes et en apprentissages. Nous leur souhaitons bon vent dans cette exp\u00e9rience transformatrice et les encourageons \u00e0 saisir chaque instant avec \u00e9merveillement et d\u00e9termination.<\/p>\n<div style=\"width: 848px;\" class=\"wp-video\"><video class=\"wp-video-shortcode\" id=\"video-7315-1\" width=\"848\" height=\"480\" preload=\"metadata\" controls=\"controls\"><source type=\"video\/mp4\" src=\"https:\/\/etab.ac-reunion.fr\/lyc-rontaunay\/wp-content\/uploads\/sites\/34\/2024\/04\/aeroport.mp4?_=1\" \/><a href=\"https:\/\/etab.ac-reunion.fr\/lyc-rontaunay\/wp-content\/uploads\/sites\/34\/2024\/04\/aeroport.mp4\">https:\/\/etab.ac-reunion.fr\/lyc-rontaunay\/wp-content\/uploads\/sites\/34\/2024\/04\/aeroport.mp4<\/a><\/video><\/div>\n<p>&nbsp;<\/p>\n<hr \/>\n<p>Leur arriv\u00e9e \u00e0 Lisbonne marque le d\u00e9but d&rsquo;une exp\u00e9rience professionnelle enrichissante pour les 17 \u00e9l\u00e8ves du lyc\u00e9e professionnel Julien de Rontaunay. D\u00e8s leur premier jour, ils ont eu l&rsquo;opportunit\u00e9 de rencontrer les repr\u00e9sentants de cinq entreprises diverses, chacune offrant un aper\u00e7u unique du tissu \u00e9conomique et social de la ville.<\/p>\n<p>Au sein de la Banque Alimentaire, ils ont d\u00e9couvert les rouages de la lutte contre la pr\u00e9carit\u00e9 alimentaire, tandis qu&rsquo;au Centre Social, ils ont \u00e9t\u00e9 sensibilis\u00e9s aux enjeux de l&rsquo;inclusion sociale. Le march\u00e9 de charit\u00e9 leur a permis d&rsquo;explorer le potentiel de l&rsquo;\u00e9conomie solidaire, tandis qu&rsquo;\u00e0 l&rsquo;h\u00f4tel, ils ont plong\u00e9 dans l&rsquo;univers de l&rsquo;hospitalit\u00e9 et du tourisme. Enfin, leur immersion dans une cr\u00e8che leur a offert un aper\u00e7u du secteur de la petite enfance.<\/p>\n<p>Ces rencontres initiales marquent le d\u00e9but d&rsquo;un mois riche en d\u00e9couvertes professionnelles et personnelles pour nos stagiaires. Nous leur souhaitons succ\u00e8s et \u00e9panouissement dans cette exp\u00e9rience unique \u00e0 Lisbonne.<\/p>\n<div style=\"width: 848px;\" class=\"wp-video\"><video class=\"wp-video-shortcode\" id=\"video-7315-2\" width=\"848\" height=\"480\" preload=\"metadata\" controls=\"controls\"><source type=\"video\/mp4\" src=\"https:\/\/etab.ac-reunion.fr\/lyc-rontaunay\/wp-content\/uploads\/sites\/34\/2024\/04\/decouverte-des-entreprise.mp4?_=2\" \/><a href=\"https:\/\/etab.ac-reunion.fr\/lyc-rontaunay\/wp-content\/uploads\/sites\/34\/2024\/04\/decouverte-des-entreprise.mp4\">https:\/\/etab.ac-reunion.fr\/lyc-rontaunay\/wp-content\/uploads\/sites\/34\/2024\/04\/decouverte-des-entreprise.mp4<\/a><\/video><\/div>\n<p>&nbsp;<\/p>\n<hr \/>\n<p>Dans le cadre de leur stage, ces deux jeunes lyc\u00e9ens de la classe de 1HPS ont embrass\u00e9 la mission cruciale d&rsquo;assurer un environnement propre et s\u00e9curis\u00e9 pour les b\u00e9n\u00e9ficiaires du centre social. Arm\u00e9s de d\u00e9termination et de volont\u00e9, ils ont pris en charge diverses t\u00e2ches, allant de la d\u00e9sinfection des espaces communs \u00e0 la gestion des d\u00e9chets, en passant par l&rsquo;entretien des sanitaires.<\/p>\n<div style=\"width: 848px;\" class=\"wp-video\"><video class=\"wp-video-shortcode\" id=\"video-7315-3\" width=\"848\" height=\"480\" preload=\"metadata\" controls=\"controls\"><source type=\"video\/mp4\" src=\"https:\/\/etab.ac-reunion.fr\/lyc-rontaunay\/wp-content\/uploads\/sites\/34\/2024\/04\/centre-social-hps.mp4?_=3\" \/><a href=\"https:\/\/etab.ac-reunion.fr\/lyc-rontaunay\/wp-content\/uploads\/sites\/34\/2024\/04\/centre-social-hps.mp4\">https:\/\/etab.ac-reunion.fr\/lyc-rontaunay\/wp-content\/uploads\/sites\/34\/2024\/04\/centre-social-hps.mp4<\/a><\/video><\/div>\n<hr \/>\n<p>Dans ce m\u00eame centre social , une \u00e9l\u00e8ve en AGORA a pu profiter de l&rsquo;exp\u00e9rience de la secr\u00e9taire afin de d\u00e9velopper sa coloration de secr\u00e9tariat m\u00e9dical<\/p>\n<div style=\"width: 848px;\" class=\"wp-video\"><video class=\"wp-video-shortcode\" id=\"video-7315-4\" width=\"848\" height=\"480\" preload=\"metadata\" controls=\"controls\"><source type=\"video\/mp4\" src=\"https:\/\/etab.ac-reunion.fr\/lyc-rontaunay\/wp-content\/uploads\/sites\/34\/2024\/04\/agora-centre-social.mp4?_=4\" \/><a href=\"https:\/\/etab.ac-reunion.fr\/lyc-rontaunay\/wp-content\/uploads\/sites\/34\/2024\/04\/agora-centre-social.mp4\">https:\/\/etab.ac-reunion.fr\/lyc-rontaunay\/wp-content\/uploads\/sites\/34\/2024\/04\/agora-centre-social.mp4<\/a><\/video><\/div>\n<hr \/>\n<p>Dans ce cadre unique, nos jeunes stagiaires ont embrass\u00e9 un r\u00f4le polyvalent, m\u00ealant l&rsquo;organisation m\u00e9ticuleuse des produits et la participation active \u00e0 la vente. Leur mission comprend le classement minutieux des articles, garantissant une pr\u00e9sentation attrayante pour les acheteurs, tout en assumant un r\u00f4le dynamique dans la promotion des biens et la sensibilisation \u00e0 la cause caritative soutenue par le march\u00e9.<\/p>\n<p>Leur pr\u00e9sence \u00e9nergique et leur engagement ind\u00e9fectible refl\u00e8tent l&rsquo;esprit d&rsquo;initiative et la capacit\u00e9 d&rsquo;adaptation chers au programme Erasmus DNL. En alliant b\u00e9n\u00e9volat et apprentissage commercial, ces \u00e9l\u00e8ves incarnent la vision d&rsquo;une jeunesse engag\u00e9e et consciente de son impact sur la soci\u00e9t\u00e9.<\/p>\n<p>&nbsp;<\/p>\n<div style=\"width: 848px;\" class=\"wp-video\"><video class=\"wp-video-shortcode\" id=\"video-7315-5\" width=\"848\" height=\"480\" preload=\"metadata\" controls=\"controls\"><source type=\"video\/mp4\" src=\"https:\/\/etab.ac-reunion.fr\/lyc-rontaunay\/wp-content\/uploads\/sites\/34\/2024\/04\/marche-equitable.mp4?_=5\" \/><a href=\"https:\/\/etab.ac-reunion.fr\/lyc-rontaunay\/wp-content\/uploads\/sites\/34\/2024\/04\/marche-equitable.mp4\">https:\/\/etab.ac-reunion.fr\/lyc-rontaunay\/wp-content\/uploads\/sites\/34\/2024\/04\/marche-equitable.mp4<\/a><\/video><\/div>\n<hr \/>\n<p>Au c\u0153ur de cette noble mission, nos 5 jeunes stagiaires ont endoss\u00e9 un r\u00f4le essentiel, travaillant de concert avec le personnel de la Banque pour trier, emballer et distribuer des denr\u00e9es alimentaires aux personnes dans le besoin. Leur pr\u00e9sence dynamique et leur d\u00e9vouement ind\u00e9fectible ont apport\u00e9 un souffle de fra\u00eecheur et une \u00e9nergie positive \u00e0 l&rsquo;\u00e9quipe, renfor\u00e7ant ainsi l&rsquo;impact de leur action.<\/p>\n<p>En s&rsquo;investissant dans cette cause cruciale, ces \u00e9l\u00e8ves incarnent les valeurs d&#8217;empathie et de solidarit\u00e9 promues par le programme Erasmus DNL. Leur engagement actif dans la lutte contre la faim t\u00e9moigne de leur volont\u00e9 de contribuer positivement \u00e0 la soci\u00e9t\u00e9 et de cr\u00e9er un monde plus juste et \u00e9quitable pour tous.<\/p>\n<div style=\"width: 848px;\" class=\"wp-video\"><video class=\"wp-video-shortcode\" id=\"video-7315-6\" width=\"848\" height=\"480\" preload=\"metadata\" controls=\"controls\"><source type=\"video\/mp4\" src=\"https:\/\/etab.ac-reunion.fr\/lyc-rontaunay\/wp-content\/uploads\/sites\/34\/2024\/04\/banque-alimentaire.mp4?_=6\" \/><a href=\"https:\/\/etab.ac-reunion.fr\/lyc-rontaunay\/wp-content\/uploads\/sites\/34\/2024\/04\/banque-alimentaire.mp4\">https:\/\/etab.ac-reunion.fr\/lyc-rontaunay\/wp-content\/uploads\/sites\/34\/2024\/04\/banque-alimentaire.mp4<\/a><\/video><\/div>\n<hr \/>\n<p>Une \u00e9l\u00e8ve en terminale, a r\u00e9cemment compl\u00e9t\u00e9 un stage captivant dans une cr\u00e8che \u00e0 Lisbonne. Pendant quatre semaines, elle a \u00e9t\u00e9 plong\u00e9e dans l&rsquo;univers stimulant de l&rsquo;\u00e9ducation de la petite enfance, participant activement \u00e0 diverses activit\u00e9s et apportant son soutien aux \u00e9ducateurs. Ce stage lui a offert une pr\u00e9cieuse exp\u00e9rience pratique, renfor\u00e7ant son int\u00e9r\u00eat pour le domaine de la petite enfance et \u00e9largissant ses horizons culturels gr\u00e2ce \u00e0 cette immersion enrichissante \u00e0 Lisbonne.<\/p>\n<div style=\"width: 848px;\" class=\"wp-video\"><video class=\"wp-video-shortcode\" id=\"video-7315-7\" width=\"848\" height=\"480\" preload=\"metadata\" controls=\"controls\"><source type=\"video\/mp4\" src=\"https:\/\/etab.ac-reunion.fr\/lyc-rontaunay\/wp-content\/uploads\/sites\/34\/2024\/04\/creche.mp4?_=7\" \/><a href=\"https:\/\/etab.ac-reunion.fr\/lyc-rontaunay\/wp-content\/uploads\/sites\/34\/2024\/04\/creche.mp4\">https:\/\/etab.ac-reunion.fr\/lyc-rontaunay\/wp-content\/uploads\/sites\/34\/2024\/04\/creche.mp4<\/a><\/video><\/div>\n<hr \/>\n<p>Au c\u0153ur d&rsquo;une exp\u00e9rience immersive, des \u00e9l\u00e8ves se sont lanc\u00e9s dans des stages passionnants au sein d&rsquo;h\u00f4tels prestigieux cinq \u00e9toiles. Pendant quatre semaines, deux \u00e9l\u00e8ves en MA et deux \u00e9l\u00e8ves en HPS ont \u00e9t\u00e9 immerg\u00e9s dans l&rsquo;univers exigeant de l&rsquo;accueil et de l&rsquo;hygi\u00e8ne, apprenant les subtilit\u00e9s du service haut de gamme. Sous la supervision attentive du personnel exp\u00e9riment\u00e9, ils ont d\u00e9velopp\u00e9 leurs comp\u00e9tences en communication, en gestion du temps et en service \u00e0 la client\u00e8le. Ce stage leur a offert une occasion unique de d\u00e9couvrir les coulisses de l&rsquo;industrie h\u00f4teli\u00e8re de luxe, \u00e9largissant ainsi leurs perspectives professionnelles. Leur d\u00e9vouement et leur enthousiasme ont \u00e9t\u00e9 salu\u00e9s par l&rsquo;\u00e9quipe h\u00f4teli\u00e8re, soulignant l&rsquo;importance de telles opportunit\u00e9s d&rsquo;apprentissage pratique pour la future g\u00e9n\u00e9ration de professionnels de l&rsquo;h\u00f4tellerie.<\/p>\n<div style=\"width: 848px;\" class=\"wp-video\"><video class=\"wp-video-shortcode\" id=\"video-7315-8\" width=\"848\" height=\"480\" preload=\"metadata\" controls=\"controls\"><source type=\"video\/mp4\" src=\"https:\/\/etab.ac-reunion.fr\/lyc-rontaunay\/wp-content\/uploads\/sites\/34\/2024\/04\/hotel-2.mp4?_=8\" \/><a href=\"https:\/\/etab.ac-reunion.fr\/lyc-rontaunay\/wp-content\/uploads\/sites\/34\/2024\/04\/hotel-2.mp4\">https:\/\/etab.ac-reunion.fr\/lyc-rontaunay\/wp-content\/uploads\/sites\/34\/2024\/04\/hotel-2.mp4<\/a><\/video><\/div>\n<div style=\"width: 480px;\" class=\"wp-video\"><video class=\"wp-video-shortcode\" id=\"video-7315-9\" width=\"480\" height=\"848\" preload=\"metadata\" controls=\"controls\"><source type=\"video\/mp4\" src=\"https:\/\/etab.ac-reunion.fr\/lyc-rontaunay\/wp-content\/uploads\/sites\/34\/2024\/04\/hotel-1.mp4?_=9\" \/><a href=\"https:\/\/etab.ac-reunion.fr\/lyc-rontaunay\/wp-content\/uploads\/sites\/34\/2024\/04\/hotel-1.mp4\">https:\/\/etab.ac-reunion.fr\/lyc-rontaunay\/wp-content\/uploads\/sites\/34\/2024\/04\/hotel-1.mp4<\/a><\/video><\/div>\n<p>&nbsp;<\/p>\n<!-- AddThis Advanced Settings generic via filter on the_content --><!-- AddThis Share Buttons generic via filter on the_content -->","protected":false},"excerpt":{"rendered":"<p>&nbsp; Accompagn\u00e9s de leurs enseignants, 17 \u00e9l\u00e8ves entreprennent un p\u00e9riple d&rsquo;un mois dans la fascinante capitale portugaise. Au c\u0153ur de cette aventure, des stages en entreprises locales leur offriront l&rsquo;opportunit\u00e9 [&hellip;]<!-- AddThis Advanced Settings generic via filter on get_the_excerpt --><!-- AddThis Share Buttons generic via filter on get_the_excerpt --><\/p>\n","protected":false},"author":20534,"featured_media":7317,"comment_status":"closed","ping_status":"closed","sticky":false,"template":"","format":"standard","meta":{"_et_pb_use_builder":"","_et_pb_old_content":"","_et_gb_content_width":"","footnotes":"","_links_to":"","_links_to_target":""},"categories":[9,52,24],"tags":[],"class_list":["post-7315","post","type-post","status-publish","format-standard","has-post-thumbnail","hentry","category-actualites","category-annee-2023-24","category-internationale"],"_links":{"self":[{"href":"https:\/\/etab.ac-reunion.fr\/lyc-rontaunay\/wp-json\/wp\/v2\/posts\/7315","targetHints":{"allow":["GET"]}}],"collection":[{"href":"https:\/\/etab.ac-reunion.fr\/lyc-rontaunay\/wp-json\/wp\/v2\/posts"}],"about":[{"href":"https:\/\/etab.ac-reunion.fr\/lyc-rontaunay\/wp-json\/wp\/v2\/types\/post"}],"author":[{"embeddable":true,"href":"https:\/\/etab.ac-reunion.fr\/lyc-rontaunay\/wp-json\/wp\/v2\/users\/20534"}],"replies":[{"embeddable":true,"href":"https:\/\/etab.ac-reunion.fr\/lyc-rontaunay\/wp-json\/wp\/v2\/comments?post=7315"}],"version-history":[{"count":7,"href":"https:\/\/etab.ac-reunion.fr\/lyc-rontaunay\/wp-json\/wp\/v2\/posts\/7315\/revisions"}],"predecessor-version":[{"id":7337,"href":"https:\/\/etab.ac-reunion.fr\/lyc-rontaunay\/wp-json\/wp\/v2\/posts\/7315\/revisions\/7337"}],"wp:featuredmedia":[{"embeddable":true,"href":"https:\/\/etab.ac-reunion.fr\/lyc-rontaunay\/wp-json\/wp\/v2\/media\/7317"}],"wp:attachment":[{"href":"https:\/\/etab.ac-reunion.fr\/lyc-rontaunay\/wp-json\/wp\/v2\/media?parent=7315"}],"wp:term":[{"taxonomy":"category","embeddable":true,"href":"https:\/\/etab.ac-reunion.fr\/lyc-rontaunay\/wp-json\/wp\/v2\/categories?post=7315"},{"taxonomy":"post_tag","embeddable":true,"href":"https:\/\/etab.ac-reunion.fr\/lyc-rontaunay\/wp-json\/wp\/v2\/tags?post=7315"}],"curies":[{"name":"wp","href":"https:\/\/api.w.org\/{rel}","templated":true}]}}