{"id":8130,"date":"2026-04-24T10:57:26","date_gmt":"2026-04-24T06:57:26","guid":{"rendered":"https:\/\/etab.ac-reunion.fr\/lyc-rontaunay\/?p=8130"},"modified":"2026-04-24T11:01:37","modified_gmt":"2026-04-24T07:01:37","slug":"une-exposition-engagee-pour-lenvironnement-par-la-classe-cap-2aph-a-la-reunion","status":"publish","type":"post","link":"https:\/\/etab.ac-reunion.fr\/lyc-rontaunay\/une-exposition-engagee-pour-lenvironnement-par-la-classe-cap-2aph-a-la-reunion\/","title":{"rendered":"Une exposition engag\u00e9e pour l\u2019environnement par la classe CAP 2APH \u00e0 La R\u00e9union"},"content":{"rendered":"<p data-start=\"238\" data-end=\"538\">\u00c0 <span class=\"hover:entity-accent entity-underline inline cursor-pointer align-baseline\"><span class=\"whitespace-normal\">La R\u00e9union<\/span><\/span>, la sensibilisation \u00e0 l\u2019environnement est devenue une priorit\u00e9, notamment aupr\u00e8s des jeunes g\u00e9n\u00e9rations. C\u2019est dans cette dynamique que la classe CAP 2APH a r\u00e9cemment organis\u00e9 une exposition autour du th\u00e8me de l\u2019\u00e9cologie et de la protection de l\u2019environnement.<\/p>\n<p data-start=\"540\" data-end=\"979\">Ce projet p\u00e9dagogique avait pour objectif de sensibiliser les \u00e9l\u00e8ves et le public aux enjeux environnementaux actuels, tout en valorisant leur cr\u00e9ativit\u00e9 et leur implication. \u00c0 travers diff\u00e9rents supports les \u00e9l\u00e8ves ont abord\u00e9 des th\u00e9matiques vari\u00e9es telles que la gestion des d\u00e9chets, la pr\u00e9servation de la biodiversit\u00e9 locale et les gestes \u00e9coresponsables au quotidien.<\/p>\n<p data-start=\"981\" data-end=\"1323\">L\u2019exposition a mis en lumi\u00e8re des probl\u00e9matiques particuli\u00e8rement importantes pour <span class=\"hover:entity-accent entity-underline inline cursor-pointer align-baseline\"><span class=\"whitespace-normal\">La R\u00e9union<\/span><\/span>, territoire riche en biodiversit\u00e9 mais \u00e9galement confront\u00e9 \u00e0 des d\u00e9fis environnementaux majeurs. Les \u00e9l\u00e8ves ont ainsi \u00e9voqu\u00e9 la protection des esp\u00e8ces end\u00e9miques, la lutte contre la pollution et l\u2019importance du recyclage.<\/p>\n<p data-start=\"1325\" data-end=\"1640\">Au-del\u00e0 de l\u2019aspect informatif, ce projet a permis de d\u00e9velopper des comp\u00e9tences transversales chez les \u00e9l\u00e8ves : travail en \u00e9quipe, recherche documentaire, expression orale et sens des responsabilit\u00e9s. L\u2019implication de chacun a contribu\u00e9 \u00e0 la r\u00e9ussite de cette exposition, qui a su capter l\u2019attention des visiteurs.<\/p>\n<p data-start=\"1642\" data-end=\"1898\">Cette initiative illustre parfaitement le r\u00f4le de l\u2019\u00e9cole dans la formation de citoyens conscients et engag\u00e9s. En s\u2019investissant dans un projet concret, les \u00e9l\u00e8ves de CAP 2APH ont d\u00e9montr\u00e9 qu\u2019ils sont d\u00e9j\u00e0 acteurs du changement pour un avenir plus durable.<\/p>\n<div style=\"width: 1024px;\" class=\"wp-video\"><video class=\"wp-video-shortcode\" id=\"video-8130-1\" width=\"1024\" height=\"576\" preload=\"metadata\" controls=\"controls\"><source type=\"video\/mp4\" src=\"https:\/\/etab.ac-reunion.fr\/lyc-rontaunay\/wp-content\/uploads\/sites\/34\/2026\/04\/WhatsApp-Video-2026-04-24-at-10.54.06.mp4?_=1\" \/><a href=\"https:\/\/etab.ac-reunion.fr\/lyc-rontaunay\/wp-content\/uploads\/sites\/34\/2026\/04\/WhatsApp-Video-2026-04-24-at-10.54.06.mp4\">https:\/\/etab.ac-reunion.fr\/lyc-rontaunay\/wp-content\/uploads\/sites\/34\/2026\/04\/WhatsApp-Video-2026-04-24-at-10.54.06.mp4<\/a><\/video><\/div>\n<p data-start=\"1642\" data-end=\"1898\">\n<!-- AddThis Advanced Settings generic via filter on the_content --><!-- AddThis Share Buttons generic via filter on the_content -->","protected":false},"excerpt":{"rendered":"<p>\u00c0 La R\u00e9union, la sensibilisation \u00e0 l\u2019environnement est devenue une priorit\u00e9, notamment aupr\u00e8s des jeunes g\u00e9n\u00e9rations. C\u2019est dans cette dynamique que la classe CAP 2APH a r\u00e9cemment organis\u00e9 une exposition [&hellip;]<!-- AddThis Advanced Settings generic via filter on get_the_excerpt --><!-- AddThis Share Buttons generic via filter on get_the_excerpt --><\/p>\n","protected":false},"author":20534,"featured_media":8133,"comment_status":"closed","ping_status":"closed","sticky":false,"template":"","format":"standard","meta":{"_et_pb_use_builder":"","_et_pb_old_content":"","_et_gb_content_width":"","footnotes":"","_links_to":"","_links_to_target":""},"categories":[11,9,59],"tags":[],"class_list":["post-8130","post","type-post","status-publish","format-standard","has-post-thumbnail","hentry","category-a-la-une","category-actualites","category-annee-2025-26"],"_links":{"self":[{"href":"https:\/\/etab.ac-reunion.fr\/lyc-rontaunay\/wp-json\/wp\/v2\/posts\/8130","targetHints":{"allow":["GET"]}}],"collection":[{"href":"https:\/\/etab.ac-reunion.fr\/lyc-rontaunay\/wp-json\/wp\/v2\/posts"}],"about":[{"href":"https:\/\/etab.ac-reunion.fr\/lyc-rontaunay\/wp-json\/wp\/v2\/types\/post"}],"author":[{"embeddable":true,"href":"https:\/\/etab.ac-reunion.fr\/lyc-rontaunay\/wp-json\/wp\/v2\/users\/20534"}],"replies":[{"embeddable":true,"href":"https:\/\/etab.ac-reunion.fr\/lyc-rontaunay\/wp-json\/wp\/v2\/comments?post=8130"}],"version-history":[{"count":1,"href":"https:\/\/etab.ac-reunion.fr\/lyc-rontaunay\/wp-json\/wp\/v2\/posts\/8130\/revisions"}],"predecessor-version":[{"id":8134,"href":"https:\/\/etab.ac-reunion.fr\/lyc-rontaunay\/wp-json\/wp\/v2\/posts\/8130\/revisions\/8134"}],"wp:featuredmedia":[{"embeddable":true,"href":"https:\/\/etab.ac-reunion.fr\/lyc-rontaunay\/wp-json\/wp\/v2\/media\/8133"}],"wp:attachment":[{"href":"https:\/\/etab.ac-reunion.fr\/lyc-rontaunay\/wp-json\/wp\/v2\/media?parent=8130"}],"wp:term":[{"taxonomy":"category","embeddable":true,"href":"https:\/\/etab.ac-reunion.fr\/lyc-rontaunay\/wp-json\/wp\/v2\/categories?post=8130"},{"taxonomy":"post_tag","embeddable":true,"href":"https:\/\/etab.ac-reunion.fr\/lyc-rontaunay\/wp-json\/wp\/v2\/tags?post=8130"}],"curies":[{"name":"wp","href":"https:\/\/api.w.org\/{rel}","templated":true}]}}