{"id":8138,"date":"2026-04-09T17:39:24","date_gmt":"2026-04-09T13:39:24","guid":{"rendered":"https:\/\/etab.ac-reunion.fr\/lyc-rontaunay\/?p=8138"},"modified":"2026-04-27T17:49:37","modified_gmt":"2026-04-27T13:49:37","slug":"le-lycee-engage-dans-une-demarche-decole-promotrice-de-la-sante-une-premiere-labellisation-edusante","status":"publish","type":"post","link":"https:\/\/etab.ac-reunion.fr\/lyc-rontaunay\/le-lycee-engage-dans-une-demarche-decole-promotrice-de-la-sante-une-premiere-labellisation-edusante\/","title":{"rendered":"Le lyc\u00e9e engag\u00e9 dans une d\u00e9marche d\u2019\u00c9cole Promotrice de la Sant\u00e9 : une premi\u00e8re labellisation EduSant\u00e9"},"content":{"rendered":"<p class=\"isSelectedEnd\">Dans le cadre de la d\u00e9marche \u00ab \u00c9cole Promotrice de la Sant\u00e9 \u00bb (EPSa), un \u00e9v\u00e9nement s\u2019est tenu le 8 avril au sein d\u2019un lyc\u00e9e de Saint-Pierre de La R\u00e9union. Cette journ\u00e9e a marqu\u00e9 une \u00e9tape importante pour l\u2019\u00e9tablissement, qui a obtenu la labellisation de niveau 1 en EduSant\u00e9, reconnaissant ainsi son engagement en faveur du bien-\u00eatre et de la sant\u00e9 des \u00e9l\u00e8ves.<\/p>\n<p class=\"isSelectedEnd\">Cette labellisation valorise les actions mises en place au sein du lyc\u00e9e pour promouvoir des comportements favorables \u00e0 la sant\u00e9. Elle s\u2019inscrit dans une dynamique globale visant \u00e0 am\u00e9liorer le climat scolaire, renforcer la pr\u00e9vention et encourager les initiatives port\u00e9es par les \u00e9l\u00e8ves et les \u00e9quipes \u00e9ducatives.<\/p>\n<p class=\"isSelectedEnd\">\u00c0 l\u2019occasion de cet \u00e9v\u00e9nement, les \u00e9l\u00e8ves ont \u00e9t\u00e9 pleinement acteurs en pr\u00e9sentant un travail de sensibilisation sur les dangers de la \u00ab puff \u00bb, une cigarette \u00e9lectronique jetable particuli\u00e8rement r\u00e9pandue chez les jeunes. Cette intervention a permis de mettre en lumi\u00e8re les risques li\u00e9s \u00e0 son utilisation, notamment la d\u00e9pendance \u00e0 la nicotine, les effets sur la sant\u00e9 respiratoire et les impacts sur le d\u00e9veloppement des adolescents.<\/p>\n<p class=\"isSelectedEnd\">Les \u00e9changes avec le public ont \u00e9t\u00e9 riches et constructifs. Ils ont permis de d\u00e9construire certaines id\u00e9es re\u00e7ues, souvent associ\u00e9es \u00e0 une image banalis\u00e9e ou per\u00e7ue comme moins dangereuse que le tabac traditionnel. Les \u00e9l\u00e8ves ont ainsi contribu\u00e9 \u00e0 informer et \u00e0 sensibiliser leurs pairs de mani\u00e8re concr\u00e8te et engag\u00e9e.<\/p>\n<p class=\"isSelectedEnd\">Cet \u00e9v\u00e9nement illustre pleinement les objectifs de l\u2019EPSa : rendre les \u00e9l\u00e8ves acteurs de leur sant\u00e9, d\u00e9velopper leur esprit critique et favoriser des comportements responsables. Il t\u00e9moigne \u00e9galement de l\u2019implication de l\u2019ensemble de la communaut\u00e9 \u00e9ducative dans la promotion de la sant\u00e9 au sein de l\u2019\u00e9tablissement.<\/p>\n<p>L\u2019obtention de la labellisation EduSant\u00e9 niveau 1 constitue une premi\u00e8re \u00e9tape encourageante. Elle ouvre la voie \u00e0 la poursuite et au d\u00e9veloppement d\u2019actions de pr\u00e9vention, dans une d\u00e9marche continue d\u2019am\u00e9lioration du bien-\u00eatre des \u00e9l\u00e8ves et de r\u00e9ussite \u00e9ducative.<\/p>\n<div style=\"width: 640px;\" class=\"wp-video\"><video class=\"wp-video-shortcode\" id=\"video-8138-1\" width=\"640\" height=\"864\" preload=\"metadata\" controls=\"controls\"><source type=\"video\/mp4\" src=\"https:\/\/etab.ac-reunion.fr\/lyc-rontaunay\/wp-content\/uploads\/sites\/34\/2026\/04\/WhatsApp-Video-2026-04-27-at-17.29.20.mp4?_=1\" \/><a href=\"https:\/\/etab.ac-reunion.fr\/lyc-rontaunay\/wp-content\/uploads\/sites\/34\/2026\/04\/WhatsApp-Video-2026-04-27-at-17.29.20.mp4\">https:\/\/etab.ac-reunion.fr\/lyc-rontaunay\/wp-content\/uploads\/sites\/34\/2026\/04\/WhatsApp-Video-2026-04-27-at-17.29.20.mp4<\/a><\/video><\/div>\n<!-- AddThis Advanced Settings generic via filter on the_content --><!-- AddThis Share Buttons generic via filter on the_content -->","protected":false},"excerpt":{"rendered":"<p>Dans le cadre de la d\u00e9marche \u00ab \u00c9cole Promotrice de la Sant\u00e9 \u00bb (EPSa), un \u00e9v\u00e9nement s\u2019est tenu le 8 avril au sein d\u2019un lyc\u00e9e de Saint-Pierre de La R\u00e9union. [&hellip;]<!-- AddThis Advanced Settings generic via filter on get_the_excerpt --><!-- AddThis Share Buttons generic via filter on get_the_excerpt --><\/p>\n","protected":false},"author":20534,"featured_media":8140,"comment_status":"closed","ping_status":"closed","sticky":false,"template":"","format":"standard","meta":{"_et_pb_use_builder":"","_et_pb_old_content":"","_et_gb_content_width":"","footnotes":"","_links_to":"","_links_to_target":""},"categories":[11,9,59],"tags":[],"class_list":["post-8138","post","type-post","status-publish","format-standard","has-post-thumbnail","hentry","category-a-la-une","category-actualites","category-annee-2025-26"],"_links":{"self":[{"href":"https:\/\/etab.ac-reunion.fr\/lyc-rontaunay\/wp-json\/wp\/v2\/posts\/8138","targetHints":{"allow":["GET"]}}],"collection":[{"href":"https:\/\/etab.ac-reunion.fr\/lyc-rontaunay\/wp-json\/wp\/v2\/posts"}],"about":[{"href":"https:\/\/etab.ac-reunion.fr\/lyc-rontaunay\/wp-json\/wp\/v2\/types\/post"}],"author":[{"embeddable":true,"href":"https:\/\/etab.ac-reunion.fr\/lyc-rontaunay\/wp-json\/wp\/v2\/users\/20534"}],"replies":[{"embeddable":true,"href":"https:\/\/etab.ac-reunion.fr\/lyc-rontaunay\/wp-json\/wp\/v2\/comments?post=8138"}],"version-history":[{"count":1,"href":"https:\/\/etab.ac-reunion.fr\/lyc-rontaunay\/wp-json\/wp\/v2\/posts\/8138\/revisions"}],"predecessor-version":[{"id":8141,"href":"https:\/\/etab.ac-reunion.fr\/lyc-rontaunay\/wp-json\/wp\/v2\/posts\/8138\/revisions\/8141"}],"wp:featuredmedia":[{"embeddable":true,"href":"https:\/\/etab.ac-reunion.fr\/lyc-rontaunay\/wp-json\/wp\/v2\/media\/8140"}],"wp:attachment":[{"href":"https:\/\/etab.ac-reunion.fr\/lyc-rontaunay\/wp-json\/wp\/v2\/media?parent=8138"}],"wp:term":[{"taxonomy":"category","embeddable":true,"href":"https:\/\/etab.ac-reunion.fr\/lyc-rontaunay\/wp-json\/wp\/v2\/categories?post=8138"},{"taxonomy":"post_tag","embeddable":true,"href":"https:\/\/etab.ac-reunion.fr\/lyc-rontaunay\/wp-json\/wp\/v2\/tags?post=8138"}],"curies":[{"name":"wp","href":"https:\/\/api.w.org\/{rel}","templated":true}]}}