{"id":921,"date":"2014-09-16T14:39:44","date_gmt":"2014-09-16T10:39:44","guid":{"rendered":"http:\/\/lycee-rontaunay.ac-reunion.fr\/?p=921"},"modified":"2014-09-16T14:43:49","modified_gmt":"2014-09-16T10:43:49","slug":"les-semaines-de-lengagement-lyceen","status":"publish","type":"post","link":"https:\/\/etab.ac-reunion.fr\/lyc-rontaunay\/les-semaines-de-lengagement-lyceen\/","title":{"rendered":"Les semaines de l&rsquo;engagement lyc\u00e9en"},"content":{"rendered":"<h1>Engagement lyc\u00e9en du 15.09 au 03.10.2014.<\/h1>\n<p style=\"text-align: justify\">Les semaines de la d\u00e9mocratie scolaire regroupent les \u00e9lections des repr\u00e9sentants des \u00e9l\u00e8ves au <strong>Conseil de la Vie Lyc\u00e9enne<\/strong> (CVL) et au <strong>Conseil d&rsquo;Administration<\/strong> (CA), et celles des parents d&rsquo;\u00e9l\u00e8ves au Conseil d&rsquo;Administration.<\/p>\n<p style=\"text-align: justify\">Au lyc\u00e9e, chaque classe a des d\u00e9l\u00e9gu\u00e9s de classe. Ils sont les porte-paroles de tous les \u00e9l\u00e8ves aupr\u00e8s des enseignants et des autres adultes de l&rsquo;\u00e9tablissement. Au lyc\u00e9e, un conseil de la vie lyc\u00e9enne \u00e9met des propositions sur la vie quotidienne de l&rsquo;\u00e9tablissement.<\/p>\n<!-- AddThis Advanced Settings generic via filter on the_content --><!-- AddThis Share Buttons generic via filter on the_content -->","protected":false},"excerpt":{"rendered":"<p>Engagement lyc\u00e9en du 15.09 au 03.10.2014. Les semaines de la d\u00e9mocratie scolaire regroupent les \u00e9lections des repr\u00e9sentants des \u00e9l\u00e8ves au Conseil de la Vie Lyc\u00e9enne (CVL) et au Conseil d&rsquo;Administration [&hellip;]<!-- AddThis Advanced Settings generic via filter on get_the_excerpt --><!-- AddThis Share Buttons generic via filter on get_the_excerpt --><\/p>\n","protected":false},"author":126,"featured_media":927,"comment_status":"closed","ping_status":"open","sticky":false,"template":"","format":"standard","meta":{"_et_pb_use_builder":"","_et_pb_old_content":"","_et_gb_content_width":"","footnotes":"","_links_to":"","_links_to_target":""},"categories":[9],"tags":[],"class_list":["post-921","post","type-post","status-publish","format-standard","has-post-thumbnail","hentry","category-actualites"],"_links":{"self":[{"href":"https:\/\/etab.ac-reunion.fr\/lyc-rontaunay\/wp-json\/wp\/v2\/posts\/921","targetHints":{"allow":["GET"]}}],"collection":[{"href":"https:\/\/etab.ac-reunion.fr\/lyc-rontaunay\/wp-json\/wp\/v2\/posts"}],"about":[{"href":"https:\/\/etab.ac-reunion.fr\/lyc-rontaunay\/wp-json\/wp\/v2\/types\/post"}],"author":[{"embeddable":true,"href":"https:\/\/etab.ac-reunion.fr\/lyc-rontaunay\/wp-json\/wp\/v2\/users\/126"}],"replies":[{"embeddable":true,"href":"https:\/\/etab.ac-reunion.fr\/lyc-rontaunay\/wp-json\/wp\/v2\/comments?post=921"}],"version-history":[{"count":4,"href":"https:\/\/etab.ac-reunion.fr\/lyc-rontaunay\/wp-json\/wp\/v2\/posts\/921\/revisions"}],"predecessor-version":[{"id":925,"href":"https:\/\/etab.ac-reunion.fr\/lyc-rontaunay\/wp-json\/wp\/v2\/posts\/921\/revisions\/925"}],"wp:featuredmedia":[{"embeddable":true,"href":"https:\/\/etab.ac-reunion.fr\/lyc-rontaunay\/wp-json\/wp\/v2\/media\/927"}],"wp:attachment":[{"href":"https:\/\/etab.ac-reunion.fr\/lyc-rontaunay\/wp-json\/wp\/v2\/media?parent=921"}],"wp:term":[{"taxonomy":"category","embeddable":true,"href":"https:\/\/etab.ac-reunion.fr\/lyc-rontaunay\/wp-json\/wp\/v2\/categories?post=921"},{"taxonomy":"post_tag","embeddable":true,"href":"https:\/\/etab.ac-reunion.fr\/lyc-rontaunay\/wp-json\/wp\/v2\/tags?post=921"}],"curies":[{"name":"wp","href":"https:\/\/api.w.org\/{rel}","templated":true}]}}