{"id":1351,"date":"2017-02-02T12:59:59","date_gmt":"2017-02-02T09:59:59","guid":{"rendered":"http:\/\/lycee-stpaul4.ac-reunion.fr\/?p=1351"},"modified":"2022-11-24T16:21:50","modified_gmt":"2022-11-24T13:21:50","slug":"les-formations-superieures-du-lycee-saint-paul-iv-representees-au-salon-de-la-jeunesse-2016","status":"publish","type":"post","link":"https:\/\/etab.ac-reunion.fr\/lyc-saint-paul4\/les-formations-superieures-du-lycee-saint-paul-iv-representees-au-salon-de-la-jeunesse-2016\/","title":{"rendered":"Les formations sup\u00e9rieures du lyc\u00e9e Saint Paul IV repr\u00e9sent\u00e9es au Salon de la Jeunesse 2016"},"content":{"rendered":"<p>Le Salon R\u00e9gional de la Jeunesse a r\u00e9uni sur 3 journ\u00e9es cons\u00e9cutives du 01 au 03 d\u00e9cembre 2016 au Parc des expositions et des congr\u00e8s de la R\u00e9union (NORDEV) l\u2019ensemble des partenaires de l\u2019\u00e9ducation, la Formation, l\u2019Apprentissage, la Science et l\u2019Orientation ainsi que les acteurs \u00ab\u00a0Passerelles \u00ab\u00a0vers le monde de l\u2019entreprise.<\/p>\n<p>Lors de cette manifestation, le lyc\u00e9e Saint Paul IV s\u2019est mobilis\u00e9 pour repr\u00e9senter les formations post Bac de l\u2019\u00e9tablissement. Etudiants et professeurs ont donc accueilli les visiteurs du salon, notamment des \u00e9l\u00e8ves de Premi\u00e8re et de Terminale, des \u00e9tudiants souhaitant se r\u00e9orienter mais aussi des coll\u00e9giens, des enfants d\u2019\u00e9cole primaire et des familles.<\/p>\n<p>Le p\u00f4le \u00ab\u00a0Sciences et Biotechnologies\u00a0\u00bb pr\u00e9sentait le BTS \u00ab\u00a0Qualit\u00e9 dans les Industries Alimentaires et Bio-industries\u00a0\u00bb (QIAB) ainsi que le BTS \u00ab\u00a0 Bio Analyses et Contr\u00f4les\u00a0\u00bb (BIOAC)\u00a0;<br \/>\nLe p\u00f4le \u00ab\u00a0Sanitaire et Social\u00a0\u00bb pr\u00e9sentait le BTS \u00ab\u00a0Services et prestations des secteurs sanitaire et social\u00a0\u00bb (SP3S) ainsi que la classe Pr\u00e9paratoire aux Ecoles Param\u00e9dicales (CPEP).<\/p>\n<div id=\"su_slider_69f2edd08aa9a\" class=\"su-slider su-slider-centered su-slider-pages-yes su-slider-responsive-yes\" style=\"width:100%\" data-autoplay=\"3000\" data-speed=\"600\" data-mousewheel=\"true\"><div class=\"su-slider-slides\"><div class=\"su-slider-slide\"><a><img decoding=\"async\" src=\"https:\/\/etab.ac-reunion.fr\/lyc-saint-paul4\/wp-content\/uploads\/sites\/49\/2017\/02\/dsc_0096.jpg\" alt=\"dsc_0096\" \/><\/a><\/div><div class=\"su-slider-slide\"><a><img decoding=\"async\" src=\"https:\/\/etab.ac-reunion.fr\/lyc-saint-paul4\/wp-content\/uploads\/sites\/49\/2017\/02\/dsc_0101.jpg\" alt=\"dsc_0101\" \/><\/a><\/div><div class=\"su-slider-slide\"><a><img decoding=\"async\" src=\"https:\/\/etab.ac-reunion.fr\/lyc-saint-paul4\/wp-content\/uploads\/sites\/49\/2017\/02\/dsc_0103.jpg\" alt=\"dsc_0103\" \/><\/a><\/div><div class=\"su-slider-slide\"><a><img decoding=\"async\" src=\"https:\/\/etab.ac-reunion.fr\/lyc-saint-paul4\/wp-content\/uploads\/sites\/49\/2017\/02\/dsc_0108.jpg\" alt=\"dsc_0108\" \/><\/a><\/div><div class=\"su-slider-slide\"><a><img decoding=\"async\" src=\"https:\/\/etab.ac-reunion.fr\/lyc-saint-paul4\/wp-content\/uploads\/sites\/49\/2017\/02\/dsc_0109.jpg\" alt=\"dsc_0109\" \/><\/a><\/div><div class=\"su-slider-slide\"><a><img decoding=\"async\" src=\"https:\/\/etab.ac-reunion.fr\/lyc-saint-paul4\/wp-content\/uploads\/sites\/49\/2017\/02\/dsc_0110.jpg\" alt=\"dsc_0110\" \/><\/a><\/div><div class=\"su-slider-slide\"><a><img decoding=\"async\" src=\"https:\/\/etab.ac-reunion.fr\/lyc-saint-paul4\/wp-content\/uploads\/sites\/49\/2017\/02\/dsc_0111.jpg\" alt=\"dsc_0111\" \/><\/a><\/div><div class=\"su-slider-slide\"><a><img decoding=\"async\" src=\"https:\/\/etab.ac-reunion.fr\/lyc-saint-paul4\/wp-content\/uploads\/sites\/49\/2017\/02\/dsc_0113.jpg\" alt=\"dsc_0113\" \/><\/a><\/div><div class=\"su-slider-slide\"><a><img decoding=\"async\" src=\"https:\/\/etab.ac-reunion.fr\/lyc-saint-paul4\/wp-content\/uploads\/sites\/49\/2017\/02\/dsc_0115.jpg\" alt=\"dsc_0115\" \/><\/a><\/div><div class=\"su-slider-slide\"><a><img decoding=\"async\" src=\"https:\/\/etab.ac-reunion.fr\/lyc-saint-paul4\/wp-content\/uploads\/sites\/49\/2017\/02\/dsc_0116.jpg\" alt=\"dsc_0116\" \/><\/a><\/div><div class=\"su-slider-slide\"><a><img decoding=\"async\" src=\"https:\/\/etab.ac-reunion.fr\/lyc-saint-paul4\/wp-content\/uploads\/sites\/49\/2017\/02\/dsc_0117.jpg\" alt=\"dsc_0117\" \/><\/a><\/div><div class=\"su-slider-slide\"><a><img decoding=\"async\" src=\"https:\/\/etab.ac-reunion.fr\/lyc-saint-paul4\/wp-content\/uploads\/sites\/49\/2017\/02\/dsc_0123.jpg\" alt=\"dsc_0123\" \/><\/a><\/div><div class=\"su-slider-slide\"><a><img decoding=\"async\" src=\"https:\/\/etab.ac-reunion.fr\/lyc-saint-paul4\/wp-content\/uploads\/sites\/49\/2017\/02\/dsc_0125.jpg\" alt=\"dsc_0125\" \/><\/a><\/div><div class=\"su-slider-slide\"><a><img decoding=\"async\" src=\"https:\/\/etab.ac-reunion.fr\/lyc-saint-paul4\/wp-content\/uploads\/sites\/49\/2017\/02\/dsc_0126.jpg\" alt=\"dsc_0126\" \/><\/a><\/div><div class=\"su-slider-slide\"><a><img decoding=\"async\" src=\"https:\/\/etab.ac-reunion.fr\/lyc-saint-paul4\/wp-content\/uploads\/sites\/49\/2017\/02\/dsc_0167.jpg\" alt=\"dsc_0167\" \/><\/a><\/div><div class=\"su-slider-slide\"><a><img decoding=\"async\" src=\"https:\/\/etab.ac-reunion.fr\/lyc-saint-paul4\/wp-content\/uploads\/sites\/49\/2017\/02\/dsc_0177.jpg\" alt=\"dsc_0177\" \/><\/a><\/div><div class=\"su-slider-slide\"><a><img decoding=\"async\" src=\"https:\/\/etab.ac-reunion.fr\/lyc-saint-paul4\/wp-content\/uploads\/sites\/49\/2017\/02\/dsc_0179.jpg\" alt=\"dsc_0179\" \/><\/a><\/div><div class=\"su-slider-slide\"><a><img decoding=\"async\" src=\"https:\/\/etab.ac-reunion.fr\/lyc-saint-paul4\/wp-content\/uploads\/sites\/49\/2017\/02\/dsc_0184.jpg\" alt=\"dsc_0184\" \/><\/a><\/div><div class=\"su-slider-slide\"><a><img decoding=\"async\" src=\"https:\/\/etab.ac-reunion.fr\/lyc-saint-paul4\/wp-content\/uploads\/sites\/49\/2017\/02\/dsc_0188.jpg\" alt=\"dsc_0188\" \/><\/a><\/div><div class=\"su-slider-slide\"><a><img decoding=\"async\" src=\"https:\/\/etab.ac-reunion.fr\/lyc-saint-paul4\/wp-content\/uploads\/sites\/49\/2017\/02\/dsc_0189.jpg\" alt=\"dsc_0189\" \/><\/a><\/div><div class=\"su-slider-slide\"><a><img decoding=\"async\" src=\"https:\/\/etab.ac-reunion.fr\/lyc-saint-paul4\/wp-content\/uploads\/sites\/49\/2017\/02\/dsc_0235.jpg\" alt=\"dsc_0235\" \/><\/a><\/div><div class=\"su-slider-slide\"><a><img decoding=\"async\" src=\"https:\/\/etab.ac-reunion.fr\/lyc-saint-paul4\/wp-content\/uploads\/sites\/49\/2017\/02\/dsc_0127.jpg\" alt=\"dsc_0127\" \/><\/a><\/div><div class=\"su-slider-slide\"><a><img decoding=\"async\" src=\"https:\/\/etab.ac-reunion.fr\/lyc-saint-paul4\/wp-content\/uploads\/sites\/49\/2017\/02\/dsc_0197.jpg\" alt=\"dsc_0197\" \/><\/a><\/div><div class=\"su-slider-slide\"><a><img decoding=\"async\" src=\"https:\/\/etab.ac-reunion.fr\/lyc-saint-paul4\/wp-content\/uploads\/sites\/49\/2017\/02\/dsc_0198.jpg\" alt=\"dsc_0198\" \/><\/a><\/div><\/div><div class=\"su-slider-nav\"><div class=\"su-slider-direction\"><span class=\"su-slider-prev\"><\/span><span class=\"su-slider-next\"><\/span><\/div><div class=\"su-slider-pagination\"><\/div><\/div><\/div>\n","protected":false},"excerpt":{"rendered":"<p>Le Salon R\u00e9gional de la Jeunesse a r\u00e9uni sur 3 journ\u00e9es cons\u00e9cutives du 01 au 03 d\u00e9cembre 2016 au Parc des expositions et des congr\u00e8s de la R\u00e9union (NORDEV) l\u2019ensemble des partenaires de l\u2019\u00e9ducation, la Formation, l\u2019Apprentissage, la Science et l\u2019Orientation ainsi que les acteurs \u00ab\u00a0Passerelles \u00ab\u00a0vers le monde de l\u2019entreprise. Lors de cette manifestation, [&hellip;]<\/p>\n","protected":false},"author":4139,"featured_media":1376,"comment_status":"closed","ping_status":"closed","sticky":false,"template":"","format":"standard","meta":{"footnotes":""},"categories":[2,5,22,24,7,111,25],"tags":[11,65],"class_list":["post-1351","post","type-post","status-publish","format-standard","has-post-thumbnail","hentry","category-actualites","category-actualites-culturelles","category-enseignement-general","category-enseignement-professionel","category-espace-pedagogique","category-informations-sur-lorientation","category-les-formations","tag-cdi-2","tag-salon"],"_links":{"self":[{"href":"https:\/\/etab.ac-reunion.fr\/lyc-saint-paul4\/wp-json\/wp\/v2\/posts\/1351","targetHints":{"allow":["GET"]}}],"collection":[{"href":"https:\/\/etab.ac-reunion.fr\/lyc-saint-paul4\/wp-json\/wp\/v2\/posts"}],"about":[{"href":"https:\/\/etab.ac-reunion.fr\/lyc-saint-paul4\/wp-json\/wp\/v2\/types\/post"}],"author":[{"embeddable":true,"href":"https:\/\/etab.ac-reunion.fr\/lyc-saint-paul4\/wp-json\/wp\/v2\/users\/4139"}],"replies":[{"embeddable":true,"href":"https:\/\/etab.ac-reunion.fr\/lyc-saint-paul4\/wp-json\/wp\/v2\/comments?post=1351"}],"version-history":[{"count":3,"href":"https:\/\/etab.ac-reunion.fr\/lyc-saint-paul4\/wp-json\/wp\/v2\/posts\/1351\/revisions"}],"predecessor-version":[{"id":1378,"href":"https:\/\/etab.ac-reunion.fr\/lyc-saint-paul4\/wp-json\/wp\/v2\/posts\/1351\/revisions\/1378"}],"wp:featuredmedia":[{"embeddable":true,"href":"https:\/\/etab.ac-reunion.fr\/lyc-saint-paul4\/wp-json\/wp\/v2\/media\/1376"}],"wp:attachment":[{"href":"https:\/\/etab.ac-reunion.fr\/lyc-saint-paul4\/wp-json\/wp\/v2\/media?parent=1351"}],"wp:term":[{"taxonomy":"category","embeddable":true,"href":"https:\/\/etab.ac-reunion.fr\/lyc-saint-paul4\/wp-json\/wp\/v2\/categories?post=1351"},{"taxonomy":"post_tag","embeddable":true,"href":"https:\/\/etab.ac-reunion.fr\/lyc-saint-paul4\/wp-json\/wp\/v2\/tags?post=1351"}],"curies":[{"name":"wp","href":"https:\/\/api.w.org\/{rel}","templated":true}]}}