{"id":1458,"date":"2017-03-31T09:04:44","date_gmt":"2017-03-31T06:04:44","guid":{"rendered":"http:\/\/lycee-stpaul4.ac-reunion.fr\/?p=1458"},"modified":"2021-08-06T14:20:04","modified_gmt":"2021-08-06T11:20:04","slug":"rencontre-avec-un-photographe","status":"publish","type":"post","link":"https:\/\/etab.ac-reunion.fr\/lyc-saint-paul4\/rencontre-avec-un-photographe\/","title":{"rendered":"Rencontre avec un photographe"},"content":{"rendered":"<div style=\"text-align: justify\">\n<p>Dans le cadre de la Semaine de la Presse, les \u00e9l\u00e8ves de 2de suivant\u00a0 l\u2019enseignement d\u2019exploration Litt\u00e9rature et Soci\u00e9t\u00e9 ont rencontr\u00e9 mercredi 29 mars 2017 le photographe <strong>Ferhat Bouda<\/strong>.<\/p>\n<p>Lors de cette rencontre, celui-ci a pr\u00e9sent\u00e9 trois de ses reportages r\u00e9alis\u00e9s dans plusieurs pays (La Mongolie, en Afrique du Nord et au Sahel avec\u00a0 les peuples Berb\u00e8re et Touareg, les f\u00eates des diff\u00e9rentes communaut\u00e9s de la ville de Francfort en Allemagne)<\/p>\n<div id=\"su_carousel_69f229825ef84\" class=\"su-carousel su-carousel-centered su-carousel-pages-no su-carousel-responsive-yes\" style=\"width:100%\" data-autoplay=\"3000\" data-speed=\"600\" data-mousewheel=\"true\" data-items=\"3\" data-scroll=\"1\"><div class=\"su-carousel-slides\"><div class=\"su-carousel-slide\"><a href=\"https:\/\/etab.ac-reunion.fr\/lyc-saint-paul4\/wp-content\/uploads\/sites\/49\/2017\/03\/SAM_2663.jpg\" title=\"SAM_2663\"><img decoding=\"async\" src=\"https:\/\/etab.ac-reunion.fr\/lyc-saint-paul4\/wp-content\/uploads\/sites\/49\/2017\/03\/SAM_2663.jpg\" alt=\"SAM_2663\" \/><span class=\"su-carousel-slide-title\">SAM_2663<\/span><\/a><\/div><div class=\"su-carousel-slide\"><a href=\"https:\/\/etab.ac-reunion.fr\/lyc-saint-paul4\/wp-content\/uploads\/sites\/49\/2017\/03\/SAM_2658.jpg\" title=\"SAM_2658\"><img decoding=\"async\" src=\"https:\/\/etab.ac-reunion.fr\/lyc-saint-paul4\/wp-content\/uploads\/sites\/49\/2017\/03\/SAM_2658.jpg\" alt=\"SAM_2658\" \/><span class=\"su-carousel-slide-title\">SAM_2658<\/span><\/a><\/div><div class=\"su-carousel-slide\"><a href=\"https:\/\/etab.ac-reunion.fr\/lyc-saint-paul4\/wp-content\/uploads\/sites\/49\/2017\/03\/SAM_2654.jpg\" title=\"SAM_2654\"><img decoding=\"async\" src=\"https:\/\/etab.ac-reunion.fr\/lyc-saint-paul4\/wp-content\/uploads\/sites\/49\/2017\/03\/SAM_2654.jpg\" alt=\"SAM_2654\" \/><span class=\"su-carousel-slide-title\">SAM_2654<\/span><\/a><\/div><div class=\"su-carousel-slide\"><a href=\"https:\/\/etab.ac-reunion.fr\/lyc-saint-paul4\/wp-content\/uploads\/sites\/49\/2017\/03\/SAM_2664.jpg\" title=\"SAM_2664\"><img decoding=\"async\" src=\"https:\/\/etab.ac-reunion.fr\/lyc-saint-paul4\/wp-content\/uploads\/sites\/49\/2017\/03\/SAM_2664.jpg\" alt=\"SAM_2664\" \/><span class=\"su-carousel-slide-title\">SAM_2664<\/span><\/a><\/div><\/div><div class=\"su-carousel-nav\"><div class=\"su-carousel-direction\"><span class=\"su-carousel-prev\"><\/span><span class=\"su-carousel-next\"><\/span><\/div><div class=\"su-carousel-pagination\"><\/div><\/div><\/div>\n<ul>\n<li>Site personnel de Ferhat Bouda : <a href=\"http:\/\/www.bouda-photographie.com\/\" target=\"_blank\" rel=\"noopener\">http:\/\/www.bouda-photographie.com\/<\/a><\/li>\n<li>Agence VU : <a href=\"https:\/\/www.agencevu.com\/photographers\/photographer.php?id=324\" target=\"_blank\" rel=\"noopener\">https:\/\/www.agencevu.com\/photographers\/photographer.php?id=324<\/a><\/li>\n<\/ul>\n<\/div>\n<p>&nbsp;<\/p>\n","protected":false},"excerpt":{"rendered":"<p>Dans le cadre de la Semaine de la Presse, les \u00e9l\u00e8ves de 2de suivant\u00a0 l\u2019enseignement d\u2019exploration Litt\u00e9rature et Soci\u00e9t\u00e9 ont rencontr\u00e9 mercredi 29 mars 2017 le photographe Ferhat Bouda. Lors de cette rencontre, celui-ci a pr\u00e9sent\u00e9 trois de ses reportages r\u00e9alis\u00e9s dans plusieurs pays (La Mongolie, en Afrique du Nord et au Sahel avec\u00a0 les [&hellip;]<\/p>\n","protected":false},"author":463,"featured_media":1469,"comment_status":"closed","ping_status":"closed","sticky":false,"template":"","format":"standard","meta":{"footnotes":""},"categories":[2,10,1],"tags":[43,62,77],"class_list":["post-1458","post","type-post","status-publish","format-standard","has-post-thumbnail","hentry","category-actualites","category-cdi","category-info-admin","tag-action-culturelle","tag-conference","tag-emi"],"_links":{"self":[{"href":"https:\/\/etab.ac-reunion.fr\/lyc-saint-paul4\/wp-json\/wp\/v2\/posts\/1458","targetHints":{"allow":["GET"]}}],"collection":[{"href":"https:\/\/etab.ac-reunion.fr\/lyc-saint-paul4\/wp-json\/wp\/v2\/posts"}],"about":[{"href":"https:\/\/etab.ac-reunion.fr\/lyc-saint-paul4\/wp-json\/wp\/v2\/types\/post"}],"author":[{"embeddable":true,"href":"https:\/\/etab.ac-reunion.fr\/lyc-saint-paul4\/wp-json\/wp\/v2\/users\/463"}],"replies":[{"embeddable":true,"href":"https:\/\/etab.ac-reunion.fr\/lyc-saint-paul4\/wp-json\/wp\/v2\/comments?post=1458"}],"version-history":[{"count":7,"href":"https:\/\/etab.ac-reunion.fr\/lyc-saint-paul4\/wp-json\/wp\/v2\/posts\/1458\/revisions"}],"predecessor-version":[{"id":3215,"href":"https:\/\/etab.ac-reunion.fr\/lyc-saint-paul4\/wp-json\/wp\/v2\/posts\/1458\/revisions\/3215"}],"wp:featuredmedia":[{"embeddable":true,"href":"https:\/\/etab.ac-reunion.fr\/lyc-saint-paul4\/wp-json\/wp\/v2\/media\/1469"}],"wp:attachment":[{"href":"https:\/\/etab.ac-reunion.fr\/lyc-saint-paul4\/wp-json\/wp\/v2\/media?parent=1458"}],"wp:term":[{"taxonomy":"category","embeddable":true,"href":"https:\/\/etab.ac-reunion.fr\/lyc-saint-paul4\/wp-json\/wp\/v2\/categories?post=1458"},{"taxonomy":"post_tag","embeddable":true,"href":"https:\/\/etab.ac-reunion.fr\/lyc-saint-paul4\/wp-json\/wp\/v2\/tags?post=1458"}],"curies":[{"name":"wp","href":"https:\/\/api.w.org\/{rel}","templated":true}]}}