{"id":1959,"date":"2018-04-06T07:26:23","date_gmt":"2018-04-06T04:26:23","guid":{"rendered":"http:\/\/lycee-stpaul4.ac-reunion.fr\/?p=1959"},"modified":"2018-04-06T07:26:23","modified_gmt":"2018-04-06T04:26:23","slug":"dans-les-coulisses-du-theatre-de-champ-fleuri","status":"publish","type":"post","link":"https:\/\/etab.ac-reunion.fr\/lyc-saint-paul4\/dans-les-coulisses-du-theatre-de-champ-fleuri\/","title":{"rendered":"Dans les coulisses du th\u00e9\u00e2tre de Champ Fleuri"},"content":{"rendered":"<p>Ce jeudi 29 mars 2018, les \u00e9l\u00e8ves de 2nde 3 ont eu l&rsquo;opportunit\u00e9 de visiter les coulisses du th\u00e9\u00e2tre d\u00e9partemental Champ Fleuri \u00e0 Saint-Denis. En montant sur la grande sc\u00e8ne du th\u00e9\u00e2tre, en visitant les loges, les locaux techniques, la fosse d&rsquo;orchestre, les \u00e9l\u00e8ves ont pu apprendre le tout lexique et d\u00e9couvrir les nombreux corps de m\u00e9tier li\u00e9s du th\u00e9\u00e2tre.<\/p>\n<p>Apr\u00e8s une visite express du Mus\u00e9um d&rsquo;Histoire Naturelle et une pause repas au Jardin de l&rsquo;Etat, la classe a pu admirer les oeuvres expos\u00e9es au mus\u00e9e L\u00e9on Dierx.<br \/>\nNous ne pouvons qu&rsquo;appr\u00e9cier l&rsquo;effort du D\u00e9partement de la R\u00e9union d&rsquo;offrir la gratuit\u00e9 de ses mus\u00e9es aux scolaires.<\/p>\n<p>Un grand merci \u00e0 Nathalie et Franck du th\u00e9\u00e2tre Champ Fleuri qui nous ont accueillis et guid\u00e9s !<\/p>\n<p>&nbsp;<\/p>\n<p><a href=\"https:\/\/etab.ac-reunion.fr\/lyc-saint-paul4\/wp-content\/uploads\/sites\/49\/2018\/04\/champfleuri2018.jpg\"><img loading=\"lazy\" decoding=\"async\" class=\"wp-image-1960 aligncenter\" src=\"https:\/\/etab.ac-reunion.fr\/lyc-saint-paul4\/wp-content\/uploads\/sites\/49\/2018\/04\/champfleuri2018-300x225.jpg\" alt=\"\" width=\"351\" height=\"263\" srcset=\"https:\/\/etab.ac-reunion.fr\/lyc-saint-paul4\/wp-content\/uploads\/sites\/49\/2018\/04\/champfleuri2018-300x225.jpg 300w, https:\/\/etab.ac-reunion.fr\/lyc-saint-paul4\/wp-content\/uploads\/sites\/49\/2018\/04\/champfleuri2018-1024x768.jpg 1024w\" sizes=\"auto, (max-width: 351px) 100vw, 351px\" \/><\/a><\/p>\n","protected":false},"excerpt":{"rendered":"<p>Ce jeudi 29 mars 2018, les \u00e9l\u00e8ves de 2nde 3 ont eu l&rsquo;opportunit\u00e9 de visiter les coulisses du th\u00e9\u00e2tre d\u00e9partemental Champ Fleuri \u00e0 Saint-Denis. En montant sur la grande sc\u00e8ne du th\u00e9\u00e2tre, en visitant les loges, les locaux techniques, la fosse d&rsquo;orchestre, les \u00e9l\u00e8ves ont pu apprendre le tout lexique et d\u00e9couvrir les nombreux corps [&hellip;]<\/p>\n","protected":false},"author":463,"featured_media":0,"comment_status":"closed","ping_status":"closed","sticky":false,"template":"","format":"standard","meta":{"footnotes":""},"categories":[2,5,1],"tags":[43,90,44],"class_list":["post-1959","post","type-post","status-publish","format-standard","hentry","category-actualites","category-actualites-culturelles","category-info-admin","tag-action-culturelle","tag-sortie-scolaire","tag-theatre"],"_links":{"self":[{"href":"https:\/\/etab.ac-reunion.fr\/lyc-saint-paul4\/wp-json\/wp\/v2\/posts\/1959","targetHints":{"allow":["GET"]}}],"collection":[{"href":"https:\/\/etab.ac-reunion.fr\/lyc-saint-paul4\/wp-json\/wp\/v2\/posts"}],"about":[{"href":"https:\/\/etab.ac-reunion.fr\/lyc-saint-paul4\/wp-json\/wp\/v2\/types\/post"}],"author":[{"embeddable":true,"href":"https:\/\/etab.ac-reunion.fr\/lyc-saint-paul4\/wp-json\/wp\/v2\/users\/463"}],"replies":[{"embeddable":true,"href":"https:\/\/etab.ac-reunion.fr\/lyc-saint-paul4\/wp-json\/wp\/v2\/comments?post=1959"}],"version-history":[{"count":1,"href":"https:\/\/etab.ac-reunion.fr\/lyc-saint-paul4\/wp-json\/wp\/v2\/posts\/1959\/revisions"}],"predecessor-version":[{"id":1963,"href":"https:\/\/etab.ac-reunion.fr\/lyc-saint-paul4\/wp-json\/wp\/v2\/posts\/1959\/revisions\/1963"}],"wp:attachment":[{"href":"https:\/\/etab.ac-reunion.fr\/lyc-saint-paul4\/wp-json\/wp\/v2\/media?parent=1959"}],"wp:term":[{"taxonomy":"category","embeddable":true,"href":"https:\/\/etab.ac-reunion.fr\/lyc-saint-paul4\/wp-json\/wp\/v2\/categories?post=1959"},{"taxonomy":"post_tag","embeddable":true,"href":"https:\/\/etab.ac-reunion.fr\/lyc-saint-paul4\/wp-json\/wp\/v2\/tags?post=1959"}],"curies":[{"name":"wp","href":"https:\/\/api.w.org\/{rel}","templated":true}]}}