{"id":2140,"date":"2019-10-03T16:30:09","date_gmt":"2019-10-03T13:30:09","guid":{"rendered":"http:\/\/lycee-stpaul4.ac-reunion.fr\/?p=2140"},"modified":"2025-04-08T14:54:59","modified_gmt":"2025-04-08T11:54:59","slug":"semaine-dintegration-bac-pro-pcepc-et-cap-aqe-1-volet-1","status":"publish","type":"post","link":"https:\/\/etab.ac-reunion.fr\/lyc-saint-paul4\/semaine-dintegration-bac-pro-pcepc-et-cap-aqe-1-volet-1\/","title":{"rendered":"Semaine d&rsquo;int\u00e9gration BAC PRO PCEPC et CAP AQE 1 : volet 1"},"content":{"rendered":"\n<ul class=\"wp-block-gallery columns-3 is-cropped wp-block-gallery-1 is-layout-flex wp-block-gallery-is-layout-flex\"><li class=\"blocks-gallery-item\"><figure><img loading=\"lazy\" decoding=\"async\" width=\"992\" height=\"744\" src=\"https:\/\/etab.ac-reunion.fr\/lyc-saint-paul4\/wp-content\/uploads\/sites\/49\/2019\/10\/BAC-PRO-PCEPC-et-CAP-AQE-1-en-classe-2-1.jpg\" alt=\"\" data-id=\"2155\" data-link=\"https:\/\/etab.ac-reunion.fr\/lyc-saint-paul4\/bac-pro-pcepc-et-cap-aqe-1-en-classe-2-2\/\" class=\"wp-image-2155\" srcset=\"https:\/\/etab.ac-reunion.fr\/lyc-saint-paul4\/wp-content\/uploads\/sites\/49\/2019\/10\/BAC-PRO-PCEPC-et-CAP-AQE-1-en-classe-2-1.jpg 992w, https:\/\/etab.ac-reunion.fr\/lyc-saint-paul4\/wp-content\/uploads\/sites\/49\/2019\/10\/BAC-PRO-PCEPC-et-CAP-AQE-1-en-classe-2-1-300x225.jpg 300w\" sizes=\"auto, (max-width: 992px) 100vw, 992px\" \/><\/figure><\/li><li class=\"blocks-gallery-item\"><figure><img loading=\"lazy\" decoding=\"async\" width=\"992\" height=\"744\" src=\"https:\/\/etab.ac-reunion.fr\/lyc-saint-paul4\/wp-content\/uploads\/sites\/49\/2019\/10\/BAC-PRO-PCEPC-et-CAP-AQE-1-en-classe-1-1.jpg\" alt=\"\" data-id=\"2154\" data-link=\"https:\/\/etab.ac-reunion.fr\/lyc-saint-paul4\/bac-pro-pcepc-et-cap-aqe-1-en-classe-1-2\/\" class=\"wp-image-2154\" srcset=\"https:\/\/etab.ac-reunion.fr\/lyc-saint-paul4\/wp-content\/uploads\/sites\/49\/2019\/10\/BAC-PRO-PCEPC-et-CAP-AQE-1-en-classe-1-1.jpg 992w, https:\/\/etab.ac-reunion.fr\/lyc-saint-paul4\/wp-content\/uploads\/sites\/49\/2019\/10\/BAC-PRO-PCEPC-et-CAP-AQE-1-en-classe-1-1-300x225.jpg 300w\" sizes=\"auto, (max-width: 992px) 100vw, 992px\" \/><\/figure><\/li><li class=\"blocks-gallery-item\"><figure><img loading=\"lazy\" decoding=\"async\" width=\"992\" height=\"744\" src=\"https:\/\/etab.ac-reunion.fr\/lyc-saint-paul4\/wp-content\/uploads\/sites\/49\/2019\/10\/BAC-PRO-PCEPC-et-CAP-AQE-1-des-enseignants-1.jpg\" alt=\"\" data-id=\"2153\" data-link=\"https:\/\/etab.ac-reunion.fr\/lyc-saint-paul4\/bac-pro-pcepc-et-cap-aqe-1-des-enseignants-2\/\" class=\"wp-image-2153\" srcset=\"https:\/\/etab.ac-reunion.fr\/lyc-saint-paul4\/wp-content\/uploads\/sites\/49\/2019\/10\/BAC-PRO-PCEPC-et-CAP-AQE-1-des-enseignants-1.jpg 992w, https:\/\/etab.ac-reunion.fr\/lyc-saint-paul4\/wp-content\/uploads\/sites\/49\/2019\/10\/BAC-PRO-PCEPC-et-CAP-AQE-1-des-enseignants-1-300x225.jpg 300w\" sizes=\"auto, (max-width: 992px) 100vw, 992px\" \/><figcaption>M.Patrick Born\u00e9o et Mme Elena Gonzalez Garcia<\/figcaption><\/figure><\/li><\/ul>\n\n\n\n<p>Mardi 03\/09\/19 de 15h30 \u00e0 16h30 rencontre et \u00e9changes avec le directeur de RUNEO &#8211; Assainissement, M.Patrick Born\u00e9o et avec Mme Elena Gonzalez Garcia, charg\u00e9 de client\u00e8le de la soci\u00e9t\u00e9 Envirosuite, sp\u00e9cialis\u00e9e dans le secteur d&rsquo;activit\u00e9 de la programmation informatique (d\u00e9veloppement de logiciels dans le domaine de l&rsquo;assainissement et autre), entreprise bas\u00e9e en Espagne.  Ambiance studieuse !!!<\/p>\n","protected":false},"excerpt":{"rendered":"<p>Mardi 03\/09\/19 de 15h30 \u00e0 16h30 rencontre et \u00e9changes avec le directeur de RUNEO &#8211; Assainissement, M.Patrick Born\u00e9o et avec Mme Elena Gonzalez Garcia, charg\u00e9 de client\u00e8le de la soci\u00e9t\u00e9 Envirosuite, sp\u00e9cialis\u00e9e dans le secteur d&rsquo;activit\u00e9 de la programmation informatique (d\u00e9veloppement de logiciels dans le domaine de l&rsquo;assainissement et autre), entreprise bas\u00e9e en Espagne. Ambiance [&hellip;]<\/p>\n","protected":false},"author":15,"featured_media":2153,"comment_status":"closed","ping_status":"closed","sticky":false,"template":"","format":"standard","meta":{"footnotes":""},"categories":[31,3],"tags":[33,32,37,36],"class_list":["post-2140","post","type-post","status-publish","format-standard","has-post-thumbnail","hentry","category-enseignement-professionnel","category-les-formations-postbac","tag-aqe","tag-cap","tag-enseignement-professionnel-2","tag-traitement-des-eaux"],"_links":{"self":[{"href":"https:\/\/etab.ac-reunion.fr\/lyc-saint-paul4\/wp-json\/wp\/v2\/posts\/2140","targetHints":{"allow":["GET"]}}],"collection":[{"href":"https:\/\/etab.ac-reunion.fr\/lyc-saint-paul4\/wp-json\/wp\/v2\/posts"}],"about":[{"href":"https:\/\/etab.ac-reunion.fr\/lyc-saint-paul4\/wp-json\/wp\/v2\/types\/post"}],"author":[{"embeddable":true,"href":"https:\/\/etab.ac-reunion.fr\/lyc-saint-paul4\/wp-json\/wp\/v2\/users\/15"}],"replies":[{"embeddable":true,"href":"https:\/\/etab.ac-reunion.fr\/lyc-saint-paul4\/wp-json\/wp\/v2\/comments?post=2140"}],"version-history":[{"count":5,"href":"https:\/\/etab.ac-reunion.fr\/lyc-saint-paul4\/wp-json\/wp\/v2\/posts\/2140\/revisions"}],"predecessor-version":[{"id":2175,"href":"https:\/\/etab.ac-reunion.fr\/lyc-saint-paul4\/wp-json\/wp\/v2\/posts\/2140\/revisions\/2175"}],"wp:featuredmedia":[{"embeddable":true,"href":"https:\/\/etab.ac-reunion.fr\/lyc-saint-paul4\/wp-json\/wp\/v2\/media\/2153"}],"wp:attachment":[{"href":"https:\/\/etab.ac-reunion.fr\/lyc-saint-paul4\/wp-json\/wp\/v2\/media?parent=2140"}],"wp:term":[{"taxonomy":"category","embeddable":true,"href":"https:\/\/etab.ac-reunion.fr\/lyc-saint-paul4\/wp-json\/wp\/v2\/categories?post=2140"},{"taxonomy":"post_tag","embeddable":true,"href":"https:\/\/etab.ac-reunion.fr\/lyc-saint-paul4\/wp-json\/wp\/v2\/tags?post=2140"}],"curies":[{"name":"wp","href":"https:\/\/api.w.org\/{rel}","templated":true}]}}