{"id":2225,"date":"2020-02-03T11:18:00","date_gmt":"2020-02-03T08:18:00","guid":{"rendered":"http:\/\/lycee-stpaul4.ac-reunion.fr\/?p=2225"},"modified":"2020-09-03T10:14:47","modified_gmt":"2020-09-03T07:14:47","slug":"organisation-dun-forum-sante-mardi11-fevrier-de-8h30-a-15h30","status":"publish","type":"post","link":"https:\/\/etab.ac-reunion.fr\/lyc-saint-paul4\/organisation-dun-forum-sante-mardi11-fevrier-de-8h30-a-15h30\/","title":{"rendered":"Organisation d&rsquo;un FORUM \u00ab\u00a0SANTE\u00a0\u00bb, mardi 11 f\u00e9vrier de 8h30 \u00e0 15h30."},"content":{"rendered":"<p>Mardi 11 f\u00e9vrier, sous la coordination de Mme R\u00e9gine REVERBEL, infirmi\u00e8re scolaire, se tiendra un Forum sur la Sant\u00e9, avec plusieurs interventions sur les th\u00e8mes du harc\u00e8lement, des greffes d&rsquo;organes, gestes 1er secours, relaxation&#8230;<br>\nDes stands seront install\u00e9s dans la cour centrale, avec plusieurs associations invit\u00e9es comme SOS solitude, Orizon (orientation sexuelle, genre&#8230;), La CAHEB (avec une d\u00e9monstration de l&rsquo;alambic et huiles essentielles), un tisanier, l&rsquo;ARS pour la pr\u00e9vention de la Dengue&#8230;, mais aussi l&rsquo;ARPS, ou le SAF R\u00e9union.<br>\nLe service Depist de l&rsquo;h\u00f4pital assurera des d\u00e9pistages anonymes et gratuits \u00e0 l&rsquo;infirmerie.<br>\nLa classe de BTS 2 Sant\u00e9 Social animera plus particuli\u00e8rement des ateliers sur le th\u00e8me des comportements sexistes.<\/p>\n<p>Parents d&rsquo;\u00e9l\u00e8ves, pour plus de renseignements, contactez Mme Reverbel. Nous vous accueillerons avec plaisir autour des stands!<\/p>\n<p>R\u00e9gine Reverbel,<br>\nInfirmi\u00e8re scolaire<\/p>\n\n\n<div class=\"wp-block-image\"><figure class=\"aligncenter size-large\"><img decoding=\"async\" src=\"https:\/\/etab.ac-reunion.fr\/lyc-saint-paul4\/wp-content\/uploads\/sites\/49\/2020\/08\/forum-sante.png\" alt=\"\" class=\"wp-image-2546\" \/><\/figure><\/div>\n","protected":false},"excerpt":{"rendered":"<p>Mardi 11 f\u00e9vrier, sous la coordination de Mme R\u00e9gine REVERBEL, infirmi\u00e8re scolaire, se tiendra un Forum sur la Sant\u00e9, avec plusieurs interventions sur les th\u00e8mes du harc\u00e8lement, des greffes d&rsquo;organes, gestes 1er secours, relaxation&#8230; Des stands seront install\u00e9s dans la cour centrale, avec plusieurs associations invit\u00e9es comme SOS solitude, Orizon (orientation sexuelle, genre&#8230;), La CAHEB [&hellip;]<\/p>\n","protected":false},"author":15,"featured_media":2546,"comment_status":"closed","ping_status":"closed","sticky":false,"template":"","format":"standard","meta":{"footnotes":""},"categories":[1,112],"tags":[],"class_list":["post-2225","post","type-post","status-publish","format-standard","has-post-thumbnail","hentry","category-info-admin","category-informations-de-sante"],"_links":{"self":[{"href":"https:\/\/etab.ac-reunion.fr\/lyc-saint-paul4\/wp-json\/wp\/v2\/posts\/2225","targetHints":{"allow":["GET"]}}],"collection":[{"href":"https:\/\/etab.ac-reunion.fr\/lyc-saint-paul4\/wp-json\/wp\/v2\/posts"}],"about":[{"href":"https:\/\/etab.ac-reunion.fr\/lyc-saint-paul4\/wp-json\/wp\/v2\/types\/post"}],"author":[{"embeddable":true,"href":"https:\/\/etab.ac-reunion.fr\/lyc-saint-paul4\/wp-json\/wp\/v2\/users\/15"}],"replies":[{"embeddable":true,"href":"https:\/\/etab.ac-reunion.fr\/lyc-saint-paul4\/wp-json\/wp\/v2\/comments?post=2225"}],"version-history":[{"count":7,"href":"https:\/\/etab.ac-reunion.fr\/lyc-saint-paul4\/wp-json\/wp\/v2\/posts\/2225\/revisions"}],"predecessor-version":[{"id":2547,"href":"https:\/\/etab.ac-reunion.fr\/lyc-saint-paul4\/wp-json\/wp\/v2\/posts\/2225\/revisions\/2547"}],"wp:featuredmedia":[{"embeddable":true,"href":"https:\/\/etab.ac-reunion.fr\/lyc-saint-paul4\/wp-json\/wp\/v2\/media\/2546"}],"wp:attachment":[{"href":"https:\/\/etab.ac-reunion.fr\/lyc-saint-paul4\/wp-json\/wp\/v2\/media?parent=2225"}],"wp:term":[{"taxonomy":"category","embeddable":true,"href":"https:\/\/etab.ac-reunion.fr\/lyc-saint-paul4\/wp-json\/wp\/v2\/categories?post=2225"},{"taxonomy":"post_tag","embeddable":true,"href":"https:\/\/etab.ac-reunion.fr\/lyc-saint-paul4\/wp-json\/wp\/v2\/tags?post=2225"}],"curies":[{"name":"wp","href":"https:\/\/api.w.org\/{rel}","templated":true}]}}