{"id":2308,"date":"2020-03-23T07:00:55","date_gmt":"2020-03-23T04:00:55","guid":{"rendered":"http:\/\/lycee-stpaul4.ac-reunion.fr\/?p=2308"},"modified":"2020-09-03T10:14:47","modified_gmt":"2020-09-03T07:14:47","slug":"covid-19-message-de-la-direction-a-lensemble-de-la-communaute-du-lycee-saint-paul-4","status":"publish","type":"post","link":"https:\/\/etab.ac-reunion.fr\/lyc-saint-paul4\/covid-19-message-de-la-direction-a-lensemble-de-la-communaute-du-lycee-saint-paul-4\/","title":{"rendered":"COVID 19 &#8211; Message de la Direction \u00e0 l&rsquo;ensemble de la communaut\u00e9 du lyc\u00e9e Saint Paul 4"},"content":{"rendered":"<p>Bonjour \u00e0 toutes et tous,<\/p>\n<p>Nous vivons actuellement une situation sanitaire difficile et in\u00e9dite mais l&rsquo;attitude citoyenne de chacun pourra permettre une issue favorable.<br \/>\nConform\u00e9ment aux d\u00e9cisions prises par le pr\u00e9sident de la r\u00e9publique et le gouvernement, restez chez vous !<br \/>\nEn cas d&rsquo;urgence, une permanence t\u00e9l\u00e9phonique est assur\u00e9e le lundi, mardi et jeudi de 9h \u00e0 12h (tel 0262330650)<br \/>\nL&rsquo;ensemble de l&rsquo;\u00e9quipe des enseignants et des personnels d&rsquo;\u00e9ducation ainsi que l&rsquo;\u00e9quipe de direction se mobilise et assurera une continuit\u00e9 p\u00e9dagogique en distanciel avec tous les \u00e9l\u00e8ves pour maintenir le lien avec chacun.<\/p>\n<p>Soyez prudent et prenez bien soin de vous.<\/p>\n<p>Pour l&rsquo;\u00e9quipe de direction, Maurice Berne, proviseur<\/p>\n<p><img loading=\"lazy\" decoding=\"async\" class=\"aligncenter size-full wp-image-2317\" src=\"https:\/\/etab.ac-reunion.fr\/lyc-saint-paul4\/wp-content\/uploads\/sites\/49\/2020\/03\/COVID19.jpg\" alt=\"\" width=\"512\" height=\"351\" srcset=\"https:\/\/etab.ac-reunion.fr\/lyc-saint-paul4\/wp-content\/uploads\/sites\/49\/2020\/03\/COVID19.jpg 512w, https:\/\/etab.ac-reunion.fr\/lyc-saint-paul4\/wp-content\/uploads\/sites\/49\/2020\/03\/COVID19-300x206.jpg 300w\" sizes=\"auto, (max-width: 512px) 100vw, 512px\" \/><\/p>\n","protected":false},"excerpt":{"rendered":"<p>Bonjour \u00e0 toutes et tous, Nous vivons actuellement une situation sanitaire difficile et in\u00e9dite mais l&rsquo;attitude citoyenne de chacun pourra permettre une issue favorable. Conform\u00e9ment aux d\u00e9cisions prises par le pr\u00e9sident de la r\u00e9publique et le gouvernement, restez chez vous ! En cas d&rsquo;urgence, une permanence t\u00e9l\u00e9phonique est assur\u00e9e le lundi, mardi et jeudi de [&hellip;]<\/p>\n","protected":false},"author":15,"featured_media":0,"comment_status":"closed","ping_status":"closed","sticky":false,"template":"","format":"standard","meta":{"footnotes":""},"categories":[2,1,112],"tags":[],"class_list":["post-2308","post","type-post","status-publish","format-standard","hentry","category-actualites","category-info-admin","category-informations-de-sante"],"_links":{"self":[{"href":"https:\/\/etab.ac-reunion.fr\/lyc-saint-paul4\/wp-json\/wp\/v2\/posts\/2308","targetHints":{"allow":["GET"]}}],"collection":[{"href":"https:\/\/etab.ac-reunion.fr\/lyc-saint-paul4\/wp-json\/wp\/v2\/posts"}],"about":[{"href":"https:\/\/etab.ac-reunion.fr\/lyc-saint-paul4\/wp-json\/wp\/v2\/types\/post"}],"author":[{"embeddable":true,"href":"https:\/\/etab.ac-reunion.fr\/lyc-saint-paul4\/wp-json\/wp\/v2\/users\/15"}],"replies":[{"embeddable":true,"href":"https:\/\/etab.ac-reunion.fr\/lyc-saint-paul4\/wp-json\/wp\/v2\/comments?post=2308"}],"version-history":[{"count":3,"href":"https:\/\/etab.ac-reunion.fr\/lyc-saint-paul4\/wp-json\/wp\/v2\/posts\/2308\/revisions"}],"predecessor-version":[{"id":2319,"href":"https:\/\/etab.ac-reunion.fr\/lyc-saint-paul4\/wp-json\/wp\/v2\/posts\/2308\/revisions\/2319"}],"wp:attachment":[{"href":"https:\/\/etab.ac-reunion.fr\/lyc-saint-paul4\/wp-json\/wp\/v2\/media?parent=2308"}],"wp:term":[{"taxonomy":"category","embeddable":true,"href":"https:\/\/etab.ac-reunion.fr\/lyc-saint-paul4\/wp-json\/wp\/v2\/categories?post=2308"},{"taxonomy":"post_tag","embeddable":true,"href":"https:\/\/etab.ac-reunion.fr\/lyc-saint-paul4\/wp-json\/wp\/v2\/tags?post=2308"}],"curies":[{"name":"wp","href":"https:\/\/api.w.org\/{rel}","templated":true}]}}