{"id":2348,"date":"2020-05-25T11:50:27","date_gmt":"2020-05-25T08:50:27","guid":{"rendered":"http:\/\/lycee-stpaul4.ac-reunion.fr\/?p=2348"},"modified":"2020-09-03T10:14:47","modified_gmt":"2020-09-03T07:14:47","slug":"protocole-de-reprise-des-cours-en-presentiel-au-lycee","status":"publish","type":"post","link":"https:\/\/etab.ac-reunion.fr\/lyc-saint-paul4\/protocole-de-reprise-des-cours-en-presentiel-au-lycee\/","title":{"rendered":"Protocole de reprise des cours en pr\u00e9sentiel au Lyc\u00e9e"},"content":{"rendered":"\n<p>A l\u2019ensemble des membres de la communaut\u00e9 scolaire du lyc\u00e9e Saint Paul 4, le lyc\u00e9e assurera de nouveau un accueil du public et des usagers \u00e0 partir du 02 juin.<\/p>\n\n\n\n<p>En tant que proviseur, l\u2019id\u00e9e que je me fais d\u2019un \u00e9tablissement scolaire est construite autour de valeurs d\u2019\u00e9changes, de lien social, d\u2019\u00e9quit\u00e9. Elles se fondent sur les apprentissages du respect de l\u2019autre, des responsabilit\u00e9s vers une plus grande autonomie de chaque \u00e9l\u00e8ve.<\/p>\n\n\n\n<p>J\u2019ai conscience que les mesures que je pr\u00e9sente dans ce document vont \u00e0 l\u2019encontre de certaines de ces valeurs. Dans le m\u00eame temps, le chef d\u2019\u00e9tablissement, garant de la s\u00e9curit\u00e9 des personnes doit avant tout assurer l\u2019int\u00e9grit\u00e9 physique et la sant\u00e9 de chaque usager de l\u2019\u00e9tablissement.<\/p>\n\n\n\n<p>Dans le respect du protocole national faisant \u00e9tat des r\u00e8gles sanitaires \u00e0 mettre en place dans ce contexte de pand\u00e9mie mondiale et en tenant compte du contexte du lyc\u00e9e Saint Paul 4, nous vous pr\u00e9sentons dans ce document les mesures qui seront en vigueur.<\/p>\n\n\n\n<p>Les principes retenus sont&nbsp;:<\/p>\n\n\n\n<ul class=\"wp-block-list\"><li><strong><u>Pour l\u2019ensemble des secondes, premi\u00e8res g\u00e9n\u00e9rales, technologiques et professionnelles\u00a0et CAP<\/u><\/strong> : cours les lundi matin, mardi matin, jeudi matin et vendredi matin de 7h30 \u00e0 12h30 par demi-groupe en alternance un jour sur 2.<\/li><li><strong><u>Pour l\u2019ensemble des terminales<\/u><\/strong>\u00a0: les \u00e9l\u00e8ves susceptibles de passer les \u00e9preuves de rattrapage seront accompagn\u00e9s par les professeurs en cours, au lyc\u00e9e, chaque mercredi matin.<\/li><li><strong><u>Pour les \u00e9tudiants de BTS<\/u><\/strong>\u00a0: cours tous les jours en respectant au maximum l\u2019emploi du temps<\/li><\/ul>\n\n\n\n<p>Les emplois du temps d\u00e9taill\u00e9s de chacun sont disponibles sur PRONOTE.<\/p>\n\n\n\n<ul class=\"wp-block-list\"><li>Chaque groupe aura une salle, un atelier ou un laboratoire d\u00e9di\u00e9 pour la matin\u00e9e, permettant de respecter les gestes barri\u00e8res (salles nettoy\u00e9es et d\u00e9sinfect\u00e9es chaque jour)<\/li><li>Le masque obligatoire pour tous d\u00e8s l\u2019entr\u00e9e dans les transports scolaires pour les \u00e9l\u00e8ves transport\u00e9s et durant toute la pr\u00e9sence dans le lyc\u00e9e<\/li><li>Les pauses se feront au maximum dans les salles.<\/li><li>Respect d\u2019un sens de la marche pour se rendre dans les salles et en sortir<\/li><li>Pas de regroupement sur le parvis du lyc\u00e9e<\/li><li>Le respect de la distanciation dans la cour et les salles<\/li><li>Pr\u00e9sence de gel hydro-alcoolique \u00e0 l\u2019entr\u00e9e du lyc\u00e9e et dans les espaces de travail<\/li><li>Pas de \u00bd pension et d\u2019Internat<\/li><\/ul>\n\n\n\n<p>En lien un tableau des gestes barri\u00e8res \u00e0 respecter. Merci de le consulter. <\/p>\n\n\n\n<div class=\"wp-block-file\"><a href=\"https:\/\/etab.ac-reunion.fr\/lyc-saint-paul4\/wp-content\/uploads\/sites\/49\/2020\/05\/Respect-des-gestes-barri\u00e8res-et-de-la-distanciation.pdf\">Respect des gestes barri\u00e8res et de la distanciation<\/a><a href=\"https:\/\/etab.ac-reunion.fr\/lyc-saint-paul4\/wp-content\/uploads\/sites\/49\/2020\/05\/Respect-des-gestes-barri\u00e8res-et-de-la-distanciation.pdf\" class=\"wp-block-file__button\" download>T\u00e9l\u00e9charger<\/a><\/div>\n\n\n\n<figure class=\"wp-block-image size-large\"><img loading=\"lazy\" decoding=\"async\" width=\"1024\" height=\"724\" src=\"https:\/\/etab.ac-reunion.fr\/lyc-saint-paul4\/wp-content\/uploads\/sites\/49\/2020\/05\/Respect-des-gestes-barri\u00e8res-et-de-la-distanciation-1-pdf-1024x724.jpg\" alt=\"\" class=\"wp-image-2351\" \/><\/figure>\n\n\n\n<p>Un sondage va \u00eatre propos\u00e9 sur PRONOTE via METICE pour \u00e9valuer le nombre d&rsquo;\u00e9l\u00e8ves pr\u00eats \u00e0 retrouver leurs salles de classe d\u00e8s le 02 juin suivant les modalit\u00e9s propos\u00e9es. Nous vous remercions d&rsquo;y r\u00e9pondre massivement, et de pr\u00e9f\u00e9rence avant mercredi 27 Mai pour permettre un meilleur accueil.<\/p>\n\n\n\n<p>M. Berne, Proviseur<\/p>\n\n\n\n<p><\/p>\n","protected":false},"excerpt":{"rendered":"<p>A l\u2019ensemble des membres de la communaut\u00e9 scolaire du lyc\u00e9e Saint Paul 4, le lyc\u00e9e assurera de nouveau un accueil du public et des usagers \u00e0 partir du 02 juin. En tant que proviseur, l\u2019id\u00e9e que je me fais d\u2019un \u00e9tablissement scolaire est construite autour de valeurs d\u2019\u00e9changes, de lien social, d\u2019\u00e9quit\u00e9. Elles se fondent [&hellip;]<\/p>\n","protected":false},"author":15,"featured_media":0,"comment_status":"closed","ping_status":"closed","sticky":false,"template":"","format":"standard","meta":{"footnotes":""},"categories":[2,1,112],"tags":[],"class_list":["post-2348","post","type-post","status-publish","format-standard","hentry","category-actualites","category-info-admin","category-informations-de-sante"],"_links":{"self":[{"href":"https:\/\/etab.ac-reunion.fr\/lyc-saint-paul4\/wp-json\/wp\/v2\/posts\/2348","targetHints":{"allow":["GET"]}}],"collection":[{"href":"https:\/\/etab.ac-reunion.fr\/lyc-saint-paul4\/wp-json\/wp\/v2\/posts"}],"about":[{"href":"https:\/\/etab.ac-reunion.fr\/lyc-saint-paul4\/wp-json\/wp\/v2\/types\/post"}],"author":[{"embeddable":true,"href":"https:\/\/etab.ac-reunion.fr\/lyc-saint-paul4\/wp-json\/wp\/v2\/users\/15"}],"replies":[{"embeddable":true,"href":"https:\/\/etab.ac-reunion.fr\/lyc-saint-paul4\/wp-json\/wp\/v2\/comments?post=2348"}],"version-history":[{"count":7,"href":"https:\/\/etab.ac-reunion.fr\/lyc-saint-paul4\/wp-json\/wp\/v2\/posts\/2348\/revisions"}],"predecessor-version":[{"id":2358,"href":"https:\/\/etab.ac-reunion.fr\/lyc-saint-paul4\/wp-json\/wp\/v2\/posts\/2348\/revisions\/2358"}],"wp:attachment":[{"href":"https:\/\/etab.ac-reunion.fr\/lyc-saint-paul4\/wp-json\/wp\/v2\/media?parent=2348"}],"wp:term":[{"taxonomy":"category","embeddable":true,"href":"https:\/\/etab.ac-reunion.fr\/lyc-saint-paul4\/wp-json\/wp\/v2\/categories?post=2348"},{"taxonomy":"post_tag","embeddable":true,"href":"https:\/\/etab.ac-reunion.fr\/lyc-saint-paul4\/wp-json\/wp\/v2\/tags?post=2348"}],"curies":[{"name":"wp","href":"https:\/\/api.w.org\/{rel}","templated":true}]}}