{"id":2578,"date":"2020-08-31T17:29:08","date_gmt":"2020-08-31T14:29:08","guid":{"rendered":"http:\/\/lycee-stpaul4.ac-reunion.fr\/?p=2578"},"modified":"2020-09-03T10:14:47","modified_gmt":"2020-09-03T07:14:47","slug":"pandemie-covid-communique-du-31-08-2020","status":"publish","type":"post","link":"https:\/\/etab.ac-reunion.fr\/lyc-saint-paul4\/pandemie-covid-communique-du-31-08-2020\/","title":{"rendered":"Pand\u00e9mie Covid :  communiqu\u00e9 du 31\/08\/2020"},"content":{"rendered":"\n<h2 class=\"wp-block-heading\">1) Organisation g\u00e9n\u00e9rale <\/h2>\n\n\n\n<p>Une cellule Covid a \u00e9t\u00e9 mise en place d\u00e8s la rentr\u00e9e au sein de l\u2019\u00e9tablissement. <br>L\u2019infirmi\u00e8re et l\u2019agent de pr\u00e9vention de l\u2019\u00e9tablissement viennent en appui \u00e0  l\u2019\u00e9quipe de direction constitu\u00e9e en cellule de veille qui se r\u00e9unit quotidiennement.<br>L\u2019\u00e9tablissement est en relation constante avec l\u2019autorit\u00e9 rectorale et l\u2019ARS.<\/p>\n\n\n\n<h2 class=\"wp-block-heading\">2)  Le protocole sanitaire du lyc\u00e9e<\/h2>\n\n\n\n<p>Issu du protocole sanitaire vot\u00e9 en CHS le 20\/05\/2020 et actualis\u00e9 suivant les derni\u00e8res directives minist\u00e9rielles.<br> &#8211; Port du masque obligatoire aux abords et dans l\u2019\u00e9tablissement,<br> &#8211; D\u00e9sinfection obligatoire des mains \u00e0 chaque entr\u00e9e dans le lyc\u00e9e, <br> &#8211; Mise \u00e0 disposition de solution hydro-alcoolique au portail, dans chaque salle de cours et \u00e0 l\u2019entr\u00e9e de tous les espaces clos accueillant du public,<br> &#8211; D\u00e9sinfection quotidienne des locaux,<br> &#8211; Pr\u00e9sence quotidienne de l\u2019infirmi\u00e8re au lyc\u00e9e qui forme et informe<\/p>\n\n\n\n<h2 class=\"wp-block-heading\">3) <strong>Point situation \u00e0 ce jour <\/strong><\/h2>\n\n\n\n<figure class=\"wp-block-image size-large\"><a href=\"https:\/\/etab.ac-reunion.fr\/lyc-saint-paul4\/wp-content\/uploads\/sites\/49\/2020\/08\/2020-08-25-COVID.jpg\"><img loading=\"lazy\" decoding=\"async\" width=\"847\" height=\"517\" src=\"https:\/\/etab.ac-reunion.fr\/lyc-saint-paul4\/wp-content\/uploads\/sites\/49\/2020\/08\/31-08-2020-POINT-COVID.png\" alt=\"\" class=\"wp-image-2581\" srcset=\"https:\/\/etab.ac-reunion.fr\/lyc-saint-paul4\/wp-content\/uploads\/sites\/49\/2020\/08\/31-08-2020-POINT-COVID.png 847w, https:\/\/etab.ac-reunion.fr\/lyc-saint-paul4\/wp-content\/uploads\/sites\/49\/2020\/08\/31-08-2020-POINT-COVID-300x183.png 300w, https:\/\/etab.ac-reunion.fr\/lyc-saint-paul4\/wp-content\/uploads\/sites\/49\/2020\/08\/31-08-2020-POINT-COVID-768x469.png 768w\" sizes=\"auto, (max-width: 847px) 100vw, 847px\" \/><\/a><\/figure>\n","protected":false},"excerpt":{"rendered":"<p>1) Organisation g\u00e9n\u00e9rale Une cellule Covid a \u00e9t\u00e9 mise en place d\u00e8s la rentr\u00e9e au sein de l\u2019\u00e9tablissement. L\u2019infirmi\u00e8re et l\u2019agent de pr\u00e9vention de l\u2019\u00e9tablissement viennent en appui \u00e0 l\u2019\u00e9quipe de direction constitu\u00e9e en cellule de veille qui se r\u00e9unit quotidiennement.L\u2019\u00e9tablissement est en relation constante avec l\u2019autorit\u00e9 rectorale et l\u2019ARS. 2) Le protocole sanitaire du [&hellip;]<\/p>\n","protected":false},"author":15,"featured_media":0,"comment_status":"closed","ping_status":"closed","sticky":false,"template":"","format":"standard","meta":{"footnotes":""},"categories":[2,1,112],"tags":[],"class_list":["post-2578","post","type-post","status-publish","format-standard","hentry","category-actualites","category-info-admin","category-informations-de-sante"],"_links":{"self":[{"href":"https:\/\/etab.ac-reunion.fr\/lyc-saint-paul4\/wp-json\/wp\/v2\/posts\/2578","targetHints":{"allow":["GET"]}}],"collection":[{"href":"https:\/\/etab.ac-reunion.fr\/lyc-saint-paul4\/wp-json\/wp\/v2\/posts"}],"about":[{"href":"https:\/\/etab.ac-reunion.fr\/lyc-saint-paul4\/wp-json\/wp\/v2\/types\/post"}],"author":[{"embeddable":true,"href":"https:\/\/etab.ac-reunion.fr\/lyc-saint-paul4\/wp-json\/wp\/v2\/users\/15"}],"replies":[{"embeddable":true,"href":"https:\/\/etab.ac-reunion.fr\/lyc-saint-paul4\/wp-json\/wp\/v2\/comments?post=2578"}],"version-history":[{"count":3,"href":"https:\/\/etab.ac-reunion.fr\/lyc-saint-paul4\/wp-json\/wp\/v2\/posts\/2578\/revisions"}],"predecessor-version":[{"id":2582,"href":"https:\/\/etab.ac-reunion.fr\/lyc-saint-paul4\/wp-json\/wp\/v2\/posts\/2578\/revisions\/2582"}],"wp:attachment":[{"href":"https:\/\/etab.ac-reunion.fr\/lyc-saint-paul4\/wp-json\/wp\/v2\/media?parent=2578"}],"wp:term":[{"taxonomy":"category","embeddable":true,"href":"https:\/\/etab.ac-reunion.fr\/lyc-saint-paul4\/wp-json\/wp\/v2\/categories?post=2578"},{"taxonomy":"post_tag","embeddable":true,"href":"https:\/\/etab.ac-reunion.fr\/lyc-saint-paul4\/wp-json\/wp\/v2\/tags?post=2578"}],"curies":[{"name":"wp","href":"https:\/\/api.w.org\/{rel}","templated":true}]}}