{"id":2610,"date":"2020-09-07T13:15:00","date_gmt":"2020-09-07T10:15:00","guid":{"rendered":"http:\/\/lycee-stpaul4.ac-reunion.fr\/?p=2610"},"modified":"2020-09-07T13:49:31","modified_gmt":"2020-09-07T10:49:31","slug":"covid-19-rappels-sur-les-bons-gestes-en-2mn","status":"publish","type":"post","link":"https:\/\/etab.ac-reunion.fr\/lyc-saint-paul4\/covid-19-rappels-sur-les-bons-gestes-en-2mn\/","title":{"rendered":"COVID 19 : les bons gestes en vid\u00e9o"},"content":{"rendered":"\n<div class=\"wp-block-image\"><figure class=\"alignright size-large is-resized\"><img loading=\"lazy\" decoding=\"async\" src=\"https:\/\/etab.ac-reunion.fr\/lyc-saint-paul4\/wp-content\/uploads\/sites\/49\/2020\/09\/SantePubliqueFrance.jpg\" alt=\"\" class=\"wp-image-2622\" width=\"200\" height=\"97\" srcset=\"https:\/\/etab.ac-reunion.fr\/lyc-saint-paul4\/wp-content\/uploads\/sites\/49\/2020\/09\/SantePubliqueFrance.jpg 323w, https:\/\/etab.ac-reunion.fr\/lyc-saint-paul4\/wp-content\/uploads\/sites\/49\/2020\/09\/SantePubliqueFrance-300x145.jpg 300w\" sizes=\"auto, (max-width: 200px) 100vw, 200px\" \/><\/figure><\/div>\n\n\n\n<ul class=\"wp-block-list\"><li>QUAND et COMMENT mettre son masque ? <\/li><li>QUAND et COMMENT changer son masque ?<\/li><\/ul>\n\n\n\n<p>Toutes les r\u00e9ponses dans cette courte vid\u00e9o de 2mn, publi\u00e9e par le site <a href=\"https:\/\/www.santepubliquefrance.fr\/\" target=\"_blank\" rel=\"noreferrer noopener\">Sant\u00e9 publique France<\/a>, l\u2019agence nationale de sant\u00e9 publique.<\/p>\n\n\n\n<figure class=\"wp-block-embed-youtube wp-block-embed is-type-video is-provider-youtube wp-embed-aspect-16-9 wp-has-aspect-ratio\"><div class=\"wp-block-embed__wrapper\">\nhttps:\/\/youtu.be\/Lx8ZA130JgA\n<\/div><\/figure>\n\n\n\n<ul class=\"wp-block-list\"><li>COMMENT (bien) se laver les mains ?<\/li><\/ul>\n\n\n\n<p>Une vid\u00e9o de l&rsquo;<a href=\"http:\/\/www.inrs.fr\/\" target=\"_blank\" rel=\"noreferrer noopener\">INRS<\/a>, un organisme de r\u00e9f\u00e9rence dans les domaines de la sant\u00e9 au travail et de la pr\u00e9vention des risques professionnels !<\/p>\n\n\n\n<figure class=\"wp-block-embed-youtube wp-block-embed is-type-video is-provider-youtube wp-embed-aspect-16-9 wp-has-aspect-ratio\"><div class=\"wp-block-embed__wrapper\">\n<iframe loading=\"lazy\" title=\"Se laver les mains pour limiter les risques d&#039;infection\" width=\"500\" height=\"281\" src=\"https:\/\/www.youtube.com\/embed\/GweBYlpWKxg?feature=oembed\" frameborder=\"0\" allow=\"accelerometer; autoplay; clipboard-write; encrypted-media; gyroscope; picture-in-picture; web-share\" referrerpolicy=\"strict-origin-when-cross-origin\" allowfullscreen><\/iframe>\n<\/div><\/figure>\n","protected":false},"excerpt":{"rendered":"<p>QUAND et COMMENT mettre son masque ? QUAND et COMMENT changer son masque ? Toutes les r\u00e9ponses dans cette courte vid\u00e9o de 2mn, publi\u00e9e par le site Sant\u00e9 publique France, l\u2019agence nationale de sant\u00e9 publique. COMMENT (bien) se laver les mains ? Une vid\u00e9o de l&rsquo;INRS, un organisme de r\u00e9f\u00e9rence dans les domaines de la [&hellip;]<\/p>\n","protected":false},"author":15,"featured_media":0,"comment_status":"closed","ping_status":"closed","sticky":false,"template":"","format":"standard","meta":{"footnotes":""},"categories":[112],"tags":[],"class_list":["post-2610","post","type-post","status-publish","format-standard","hentry","category-informations-de-sante"],"_links":{"self":[{"href":"https:\/\/etab.ac-reunion.fr\/lyc-saint-paul4\/wp-json\/wp\/v2\/posts\/2610","targetHints":{"allow":["GET"]}}],"collection":[{"href":"https:\/\/etab.ac-reunion.fr\/lyc-saint-paul4\/wp-json\/wp\/v2\/posts"}],"about":[{"href":"https:\/\/etab.ac-reunion.fr\/lyc-saint-paul4\/wp-json\/wp\/v2\/types\/post"}],"author":[{"embeddable":true,"href":"https:\/\/etab.ac-reunion.fr\/lyc-saint-paul4\/wp-json\/wp\/v2\/users\/15"}],"replies":[{"embeddable":true,"href":"https:\/\/etab.ac-reunion.fr\/lyc-saint-paul4\/wp-json\/wp\/v2\/comments?post=2610"}],"version-history":[{"count":13,"href":"https:\/\/etab.ac-reunion.fr\/lyc-saint-paul4\/wp-json\/wp\/v2\/posts\/2610\/revisions"}],"predecessor-version":[{"id":2633,"href":"https:\/\/etab.ac-reunion.fr\/lyc-saint-paul4\/wp-json\/wp\/v2\/posts\/2610\/revisions\/2633"}],"wp:attachment":[{"href":"https:\/\/etab.ac-reunion.fr\/lyc-saint-paul4\/wp-json\/wp\/v2\/media?parent=2610"}],"wp:term":[{"taxonomy":"category","embeddable":true,"href":"https:\/\/etab.ac-reunion.fr\/lyc-saint-paul4\/wp-json\/wp\/v2\/categories?post=2610"},{"taxonomy":"post_tag","embeddable":true,"href":"https:\/\/etab.ac-reunion.fr\/lyc-saint-paul4\/wp-json\/wp\/v2\/tags?post=2610"}],"curies":[{"name":"wp","href":"https:\/\/api.w.org\/{rel}","templated":true}]}}