{"id":2729,"date":"2020-09-29T13:34:41","date_gmt":"2020-09-29T10:34:41","guid":{"rendered":"http:\/\/lycee-stpaul4.ac-reunion.fr\/?p=2729"},"modified":"2020-09-29T13:36:40","modified_gmt":"2020-09-29T10:36:40","slug":"pandemie-covid-situation-au-29-09-2020","status":"publish","type":"post","link":"https:\/\/etab.ac-reunion.fr\/lyc-saint-paul4\/pandemie-covid-situation-au-29-09-2020\/","title":{"rendered":"Pand\u00e9mie Covid : Situation au 29\/09\/2020"},"content":{"rendered":"\n<p><\/p>\n\n\n\n<ol class=\"wp-block-list\" type=\"1\"><li><strong><u>Organisation g\u00e9n\u00e9rale<\/u><\/strong><\/li><\/ol>\n\n\n\n<p>Une <strong>cellule Covid<\/strong> a \u00e9t\u00e9 mise en place d\u00e8s la rentr\u00e9e au sein de l\u2019\u00e9tablissement.<\/p>\n\n\n\n<p>L\u2019infirmi\u00e8re et l\u2019agent de pr\u00e9vention de l\u2019\u00e9tablissement viennent en appui \u00e0 &nbsp;l\u2019\u00e9quipe de direction constitu\u00e9e en <strong>cellule de veille<\/strong> qui se r\u00e9unit d\u00e8s que n\u00e9cessaire.<\/p>\n\n\n\n<p>L\u2019\u00e9tablissement est en relation constante avec l\u2019autorit\u00e9 rectorale et l\u2019ARS et effectue les signalements n\u00e9cessaires au fur et \u00e0 mesure.<\/p>\n\n\n\n<ul class=\"wp-block-list\"><li><strong><u>&nbsp;Le protocole sanitaire du lyc\u00e9e<\/u><\/strong><\/li><\/ul>\n\n\n\n<p>Issu du protocole sanitaire vot\u00e9 en CHS le 20\/05\/2020 et actualis\u00e9 suivant les derni\u00e8res directives minist\u00e9rielles, le protocole fixe&nbsp;:<\/p>\n\n\n\n<p>&nbsp;&nbsp;&nbsp;&nbsp;&nbsp;&nbsp; &#8211; Le port du masque obligatoire aux abords et dans l\u2019\u00e9tablissement,<\/p>\n\n\n\n<p>&nbsp;&nbsp;&nbsp;&nbsp;&nbsp; &#8211; La d\u00e9sinfection obligatoire des mains \u00e0 chaque entr\u00e9e dans le lyc\u00e9e,<\/p>\n\n\n\n<p>&nbsp;&nbsp;&nbsp;&nbsp;&nbsp; &#8211; La mise \u00e0 disposition de solution hydro-alcoolique au portail, dans chaque salle de cours et \u00e0 l\u2019entr\u00e9e de tous les espaces clos accueillant du public,<\/p>\n\n\n\n<p>&nbsp;&nbsp;&nbsp;&nbsp;&nbsp; &#8211; La d\u00e9sinfection quotidienne des locaux,<\/p>\n\n\n\n<p>&nbsp;&nbsp;&nbsp;&nbsp;&nbsp; &#8211; La pr\u00e9sence quotidienne de l\u2019infirmi\u00e8re au lyc\u00e9e qui forme et informe.<\/p>\n\n\n\n<ul class=\"wp-block-list\"><li><strong><u>Le protocole en cas de covid av\u00e9r\u00e9<\/u><\/strong><\/li><\/ul>\n\n\n\n<p>D\u00e8s qu&rsquo;un cas nous est signal\u00e9 (test positif au covid), la personne est isol\u00e9e. Lorsqu\u2019il s\u2019agit d\u2019un \u00e9l\u00e8ve,&nbsp; nous nous entretenons dans l\u2019heure qui suit avec l\u2019ensemble des \u00e9l\u00e8ves de la classe concern\u00e9e.<\/p>\n\n\n\n<p>Toute personne (\u00e9l\u00e8ve ou personnel) consid\u00e9r\u00e9e comme \u00ab\u00a0cas contact\u00a0\u00bb&nbsp; est&nbsp; renvoy\u00e9e chez elle&nbsp; jusqu\u2019au r\u00e9sultat du test covid qui doit \u00eatre r\u00e9alis\u00e9 7 jours suivant le dernier contact avec le cas av\u00e9r\u00e9.<\/p>\n\n\n\n<p>Est consid\u00e9r\u00e9e comme cas contact toute personne ayant eu un contact direct avec le cas av\u00e9r\u00e9 pendant au minimum 15 minutes sans respect des gestes barri\u00e8re.<\/p>\n\n\n\n<p>L\u2019ensemble de l\u2019\u00e9quipe p\u00e9dagogique est inform\u00e9 de l\u2019absence des \u00e9l\u00e8ves afin d\u2019organiser leur continuit\u00e9 p\u00e9dagogique (cours et travail \u00e0 faire dans l\u2019espace \u00ab&nbsp;cahier de texte&nbsp;\u00bb de Pronote et utilisation de la messagerie p\u00e9dagogique).<\/p>\n\n\n\n<figure class=\"wp-block-image size-large\"><a href=\"https:\/\/etab.ac-reunion.fr\/lyc-saint-paul4\/wp-content\/uploads\/sites\/49\/2020\/09\/COVID-2020-09-29.jpg\"><img loading=\"lazy\" decoding=\"async\" width=\"1024\" height=\"509\" src=\"https:\/\/etab.ac-reunion.fr\/lyc-saint-paul4\/wp-content\/uploads\/sites\/49\/2020\/09\/COVID-2020-09-29-1024x509.jpg\" alt=\"\" class=\"wp-image-2731\" srcset=\"https:\/\/etab.ac-reunion.fr\/lyc-saint-paul4\/wp-content\/uploads\/sites\/49\/2020\/09\/COVID-2020-09-29-1024x509.jpg 1024w, https:\/\/etab.ac-reunion.fr\/lyc-saint-paul4\/wp-content\/uploads\/sites\/49\/2020\/09\/COVID-2020-09-29-300x149.jpg 300w, https:\/\/etab.ac-reunion.fr\/lyc-saint-paul4\/wp-content\/uploads\/sites\/49\/2020\/09\/COVID-2020-09-29-768x382.jpg 768w, https:\/\/etab.ac-reunion.fr\/lyc-saint-paul4\/wp-content\/uploads\/sites\/49\/2020\/09\/COVID-2020-09-29.jpg 1096w\" sizes=\"auto, (max-width: 1024px) 100vw, 1024px\" \/><\/a><\/figure>\n","protected":false},"excerpt":{"rendered":"<p>Organisation g\u00e9n\u00e9rale Une cellule Covid a \u00e9t\u00e9 mise en place d\u00e8s la rentr\u00e9e au sein de l\u2019\u00e9tablissement. L\u2019infirmi\u00e8re et l\u2019agent de pr\u00e9vention de l\u2019\u00e9tablissement viennent en appui \u00e0 &nbsp;l\u2019\u00e9quipe de direction constitu\u00e9e en cellule de veille qui se r\u00e9unit d\u00e8s que n\u00e9cessaire. L\u2019\u00e9tablissement est en relation constante avec l\u2019autorit\u00e9 rectorale et l\u2019ARS et effectue les [&hellip;]<\/p>\n","protected":false},"author":27893,"featured_media":0,"comment_status":"closed","ping_status":"closed","sticky":false,"template":"","format":"standard","meta":{"footnotes":""},"categories":[2,112],"tags":[],"class_list":["post-2729","post","type-post","status-publish","format-standard","hentry","category-actualites","category-informations-de-sante"],"_links":{"self":[{"href":"https:\/\/etab.ac-reunion.fr\/lyc-saint-paul4\/wp-json\/wp\/v2\/posts\/2729","targetHints":{"allow":["GET"]}}],"collection":[{"href":"https:\/\/etab.ac-reunion.fr\/lyc-saint-paul4\/wp-json\/wp\/v2\/posts"}],"about":[{"href":"https:\/\/etab.ac-reunion.fr\/lyc-saint-paul4\/wp-json\/wp\/v2\/types\/post"}],"author":[{"embeddable":true,"href":"https:\/\/etab.ac-reunion.fr\/lyc-saint-paul4\/wp-json\/wp\/v2\/users\/27893"}],"replies":[{"embeddable":true,"href":"https:\/\/etab.ac-reunion.fr\/lyc-saint-paul4\/wp-json\/wp\/v2\/comments?post=2729"}],"version-history":[{"count":4,"href":"https:\/\/etab.ac-reunion.fr\/lyc-saint-paul4\/wp-json\/wp\/v2\/posts\/2729\/revisions"}],"predecessor-version":[{"id":2734,"href":"https:\/\/etab.ac-reunion.fr\/lyc-saint-paul4\/wp-json\/wp\/v2\/posts\/2729\/revisions\/2734"}],"wp:attachment":[{"href":"https:\/\/etab.ac-reunion.fr\/lyc-saint-paul4\/wp-json\/wp\/v2\/media?parent=2729"}],"wp:term":[{"taxonomy":"category","embeddable":true,"href":"https:\/\/etab.ac-reunion.fr\/lyc-saint-paul4\/wp-json\/wp\/v2\/categories?post=2729"},{"taxonomy":"post_tag","embeddable":true,"href":"https:\/\/etab.ac-reunion.fr\/lyc-saint-paul4\/wp-json\/wp\/v2\/tags?post=2729"}],"curies":[{"name":"wp","href":"https:\/\/api.w.org\/{rel}","templated":true}]}}