{"id":2836,"date":"2021-02-19T09:56:00","date_gmt":"2021-02-19T06:56:00","guid":{"rendered":"http:\/\/lycee-stpaul4.ac-reunion.fr\/?p=2836"},"modified":"2022-09-20T15:23:25","modified_gmt":"2022-09-20T12:23:25","slug":"la-brulure-et-le-concours-national-de-linrs","status":"publish","type":"post","link":"https:\/\/etab.ac-reunion.fr\/lyc-saint-paul4\/la-brulure-et-le-concours-national-de-linrs\/","title":{"rendered":"\u00ab\u00a0La br\u00fblure\u00a0\u00bb et le Concours national de l\u2019INRS &#8230;"},"content":{"rendered":"\n<p>Dans le cadre de la Co-intervention Enseignement Professionnel \/ Fran\u00e7ais, les \u00e9l\u00e8ves de 1B.I.T ont particip\u00e9 \u00e0 un projet de r\u00e9alisation de courts-m\u00e9trages sur les risques professionnels. <\/p>\n\n\n\n<p>En effet, durant plusieurs s\u00e9ances en Co-animation dans les disciplines professionnelle et litt\u00e9raire, les \u00e9l\u00e8ves ont \u00e9t\u00e9 sensibilis\u00e9s aux risques li\u00e9s \u00e0 leur formation professionnelle. <\/p>\n\n\n\n<p>Ce projet rev\u00eatait un autre enjeu celui de participer au concours national de l\u2019INRS (Institut National de Recherche et de S\u00e9curit\u00e9 pour la pr\u00e9vention des accidents du travail et des maladies professionnelles). <\/p>\n\n\n\n<p>Le point d\u2019orgue de cette manifestation a \u00e9t\u00e9 l\u2019organisation, ce vendredi 19 f\u00e9vrier 2021 dans l\u2019amphith\u00e9\u00e2tre du lyc\u00e9e, d\u2019une s\u00e9ance de projection des films r\u00e9alis\u00e9s par les \u00e9l\u00e8ves en pr\u00e9sence de Monsieur Le Proviseur, Monsieur Lamauve, du CPE, de Madame l\u2019infirmi\u00e8re, de Mr Caroupin l\u2019assistant social et de quelques professeurs accompagn\u00e9s de leurs \u00e9l\u00e8ves. <\/p>\n\n\n\n<figure class=\"wp-block-image size-large\"><img loading=\"lazy\" decoding=\"async\" width=\"1024\" height=\"768\" src=\"https:\/\/etab.ac-reunion.fr\/lyc-saint-paul4\/wp-content\/uploads\/sites\/49\/2021\/02\/20210219_100517-4-1024x768.jpg\" alt=\"\" class=\"wp-image-2895\" srcset=\"https:\/\/etab.ac-reunion.fr\/lyc-saint-paul4\/wp-content\/uploads\/sites\/49\/2021\/02\/20210219_100517-4-1024x768.jpg 1024w, https:\/\/etab.ac-reunion.fr\/lyc-saint-paul4\/wp-content\/uploads\/sites\/49\/2021\/02\/20210219_100517-4-300x225.jpg 300w, https:\/\/etab.ac-reunion.fr\/lyc-saint-paul4\/wp-content\/uploads\/sites\/49\/2021\/02\/20210219_100517-4-768x576.jpg 768w, https:\/\/etab.ac-reunion.fr\/lyc-saint-paul4\/wp-content\/uploads\/sites\/49\/2021\/02\/20210219_100517-4.jpg 1288w\" sizes=\"auto, (max-width: 1024px) 100vw, 1024px\" \/><\/figure>\n\n\n\n<figure class=\"wp-block-image size-large\"><img loading=\"lazy\" decoding=\"async\" width=\"1024\" height=\"768\" src=\"https:\/\/etab.ac-reunion.fr\/lyc-saint-paul4\/wp-content\/uploads\/sites\/49\/2021\/02\/20210219_100946-3-1024x768.jpg\" alt=\"\" class=\"wp-image-2898\" srcset=\"https:\/\/etab.ac-reunion.fr\/lyc-saint-paul4\/wp-content\/uploads\/sites\/49\/2021\/02\/20210219_100946-3-1024x768.jpg 1024w, https:\/\/etab.ac-reunion.fr\/lyc-saint-paul4\/wp-content\/uploads\/sites\/49\/2021\/02\/20210219_100946-3-300x225.jpg 300w, https:\/\/etab.ac-reunion.fr\/lyc-saint-paul4\/wp-content\/uploads\/sites\/49\/2021\/02\/20210219_100946-3-768x576.jpg 768w, https:\/\/etab.ac-reunion.fr\/lyc-saint-paul4\/wp-content\/uploads\/sites\/49\/2021\/02\/20210219_100946-3.jpg 1288w\" sizes=\"auto, (max-width: 1024px) 100vw, 1024px\" \/><\/figure>\n\n\n\n<figure class=\"wp-block-image size-large\"><img loading=\"lazy\" decoding=\"async\" width=\"1024\" height=\"768\" src=\"https:\/\/etab.ac-reunion.fr\/lyc-saint-paul4\/wp-content\/uploads\/sites\/49\/2021\/02\/20210219_100529-3-1024x768.jpg\" alt=\"\" class=\"wp-image-2896\" srcset=\"https:\/\/etab.ac-reunion.fr\/lyc-saint-paul4\/wp-content\/uploads\/sites\/49\/2021\/02\/20210219_100529-3-1024x768.jpg 1024w, https:\/\/etab.ac-reunion.fr\/lyc-saint-paul4\/wp-content\/uploads\/sites\/49\/2021\/02\/20210219_100529-3-300x225.jpg 300w, https:\/\/etab.ac-reunion.fr\/lyc-saint-paul4\/wp-content\/uploads\/sites\/49\/2021\/02\/20210219_100529-3-768x576.jpg 768w, https:\/\/etab.ac-reunion.fr\/lyc-saint-paul4\/wp-content\/uploads\/sites\/49\/2021\/02\/20210219_100529-3.jpg 1288w\" sizes=\"auto, (max-width: 1024px) 100vw, 1024px\" \/><\/figure>\n\n\n\n<p>Le jury \u00e9tait compos\u00e9 principalement d\u2019\u00e9l\u00e8ves de Terminale BIT qui devaient voter pour \u00e9lire le film retenu pour participer au concours \u00e0 l\u2019\u00e9chelle nationale. C\u2019est le film \u00ab La br\u00fblure \u00bb qui a \u00e9t\u00e9 pl\u00e9biscit\u00e9 par le jury. <br>Vous pouvez d\u2019ores-et-d\u00e9j\u00e0 le visionner en cliquant sur le lien suivant\u2026<\/p>\n\n\n\n<p><a href=\"https:\/\/tube-outremer.beta.education.fr\/videos\/embed\/14b86143-30b0-4eab-955b-0cdd60f56a91\">https:\/\/tube-arts-lettres-sciences-humaines.apps.education.fr\/w\/vveU2hbvdtyzqrRR9hVREv<\/a><\/p>\n\n\n\n<p>F\u00e9licitations \u00e0 l\u2019ensemble des \u00e9l\u00e8ves de 1.BIT qui ont su s\u2019impliquer pleinement \u00e0 toutes les \u00e9tapes du projet !<\/p>\n\n\n\n<figure class=\"wp-block-image size-large\"><img loading=\"lazy\" decoding=\"async\" width=\"1024\" height=\"768\" src=\"https:\/\/etab.ac-reunion.fr\/lyc-saint-paul4\/wp-content\/uploads\/sites\/49\/2021\/02\/20210219_100549-3-1024x768.jpg\" alt=\"\" class=\"wp-image-2897\" srcset=\"https:\/\/etab.ac-reunion.fr\/lyc-saint-paul4\/wp-content\/uploads\/sites\/49\/2021\/02\/20210219_100549-3-1024x768.jpg 1024w, https:\/\/etab.ac-reunion.fr\/lyc-saint-paul4\/wp-content\/uploads\/sites\/49\/2021\/02\/20210219_100549-3-300x225.jpg 300w, https:\/\/etab.ac-reunion.fr\/lyc-saint-paul4\/wp-content\/uploads\/sites\/49\/2021\/02\/20210219_100549-3-768x576.jpg 768w, https:\/\/etab.ac-reunion.fr\/lyc-saint-paul4\/wp-content\/uploads\/sites\/49\/2021\/02\/20210219_100549-3.jpg 1288w\" sizes=\"auto, (max-width: 1024px) 100vw, 1024px\" \/><\/figure>\n\n\n\n<figure class=\"wp-block-image size-large\"><img loading=\"lazy\" decoding=\"async\" width=\"1024\" height=\"768\" src=\"https:\/\/etab.ac-reunion.fr\/lyc-saint-paul4\/wp-content\/uploads\/sites\/49\/2021\/02\/20210219_101021-3-1024x768.jpg\" alt=\"\" class=\"wp-image-2899\" srcset=\"https:\/\/etab.ac-reunion.fr\/lyc-saint-paul4\/wp-content\/uploads\/sites\/49\/2021\/02\/20210219_101021-3-1024x768.jpg 1024w, https:\/\/etab.ac-reunion.fr\/lyc-saint-paul4\/wp-content\/uploads\/sites\/49\/2021\/02\/20210219_101021-3-300x225.jpg 300w, https:\/\/etab.ac-reunion.fr\/lyc-saint-paul4\/wp-content\/uploads\/sites\/49\/2021\/02\/20210219_101021-3-768x576.jpg 768w, https:\/\/etab.ac-reunion.fr\/lyc-saint-paul4\/wp-content\/uploads\/sites\/49\/2021\/02\/20210219_101021-3.jpg 1288w\" sizes=\"auto, (max-width: 1024px) 100vw, 1024px\" \/><\/figure>\n\n\n\n<p><br><\/p>\n","protected":false},"excerpt":{"rendered":"<p>Dans le cadre de la Co-intervention Enseignement Professionnel \/ Fran\u00e7ais, les \u00e9l\u00e8ves de 1B.I.T ont particip\u00e9 \u00e0 un projet de r\u00e9alisation de courts-m\u00e9trages sur les risques professionnels. En effet, durant plusieurs s\u00e9ances en Co-animation dans les disciplines professionnelle et litt\u00e9raire, les \u00e9l\u00e8ves ont \u00e9t\u00e9 sensibilis\u00e9s aux risques li\u00e9s \u00e0 leur formation professionnelle. Ce projet rev\u00eatait [&hellip;]<\/p>\n","protected":false},"author":15,"featured_media":0,"comment_status":"closed","ping_status":"closed","sticky":false,"template":"","format":"standard","meta":{"footnotes":""},"categories":[5,55,23],"tags":[37,30,35],"class_list":["post-2836","post","type-post","status-publish","format-standard","hentry","category-actualites-culturelles","category-biotechnologies","category-enseignement-technologique","tag-enseignement-professionnel-2","tag-pipac","tag-projet"],"_links":{"self":[{"href":"https:\/\/etab.ac-reunion.fr\/lyc-saint-paul4\/wp-json\/wp\/v2\/posts\/2836","targetHints":{"allow":["GET"]}}],"collection":[{"href":"https:\/\/etab.ac-reunion.fr\/lyc-saint-paul4\/wp-json\/wp\/v2\/posts"}],"about":[{"href":"https:\/\/etab.ac-reunion.fr\/lyc-saint-paul4\/wp-json\/wp\/v2\/types\/post"}],"author":[{"embeddable":true,"href":"https:\/\/etab.ac-reunion.fr\/lyc-saint-paul4\/wp-json\/wp\/v2\/users\/15"}],"replies":[{"embeddable":true,"href":"https:\/\/etab.ac-reunion.fr\/lyc-saint-paul4\/wp-json\/wp\/v2\/comments?post=2836"}],"version-history":[{"count":9,"href":"https:\/\/etab.ac-reunion.fr\/lyc-saint-paul4\/wp-json\/wp\/v2\/posts\/2836\/revisions"}],"predecessor-version":[{"id":3851,"href":"https:\/\/etab.ac-reunion.fr\/lyc-saint-paul4\/wp-json\/wp\/v2\/posts\/2836\/revisions\/3851"}],"wp:attachment":[{"href":"https:\/\/etab.ac-reunion.fr\/lyc-saint-paul4\/wp-json\/wp\/v2\/media?parent=2836"}],"wp:term":[{"taxonomy":"category","embeddable":true,"href":"https:\/\/etab.ac-reunion.fr\/lyc-saint-paul4\/wp-json\/wp\/v2\/categories?post=2836"},{"taxonomy":"post_tag","embeddable":true,"href":"https:\/\/etab.ac-reunion.fr\/lyc-saint-paul4\/wp-json\/wp\/v2\/tags?post=2836"}],"curies":[{"name":"wp","href":"https:\/\/api.w.org\/{rel}","templated":true}]}}