{"id":2966,"date":"2020-12-18T10:55:00","date_gmt":"2020-12-18T07:55:00","guid":{"rendered":"http:\/\/lycee-stpaul4.ac-reunion.fr\/?p=2966"},"modified":"2022-10-31T08:56:52","modified_gmt":"2022-10-31T05:56:52","slug":"une-semaine-citoyenne-spatiale","status":"publish","type":"post","link":"https:\/\/etab.ac-reunion.fr\/lyc-saint-paul4\/une-semaine-citoyenne-spatiale\/","title":{"rendered":"Une semaine citoyenne \u00ab\u00a0spatiale\u00a0\u00bb"},"content":{"rendered":"\n<p>Dans le cadre de la semaine citoyenne du14 au 18 d\u00e9cembre 2020 au lyc\u00e9e, ont eu lieu des visioconf\u00e9rences sur les m\u00e9tiers du spatial.<br><br>Pour en savoir plus :<\/p>\n\n\n\n<div class=\"wp-block-file\"><a href=\"https:\/\/etab.ac-reunion.fr\/lyc-saint-paul4\/wp-content\/uploads\/sites\/49\/2021\/04\/Programme-St-Paul-IV-semaine-Spaciale.pdf\">Programme-St-Paul-IV-semaine-Spatiale<\/a><a href=\"https:\/\/etab.ac-reunion.fr\/lyc-saint-paul4\/wp-content\/uploads\/sites\/49\/2021\/04\/Programme-St-Paul-IV-semaine-Spaciale.pdf\" class=\"wp-block-file__button\" download>T\u00e9l\u00e9charger<\/a><\/div>\n\n\n\n<figure class=\"wp-block-gallery alignright columns-2 is-cropped wp-block-gallery-1 is-layout-flex wp-block-gallery-is-layout-flex\"><ul class=\"blocks-gallery-grid\"><li class=\"blocks-gallery-item\"><figure><img loading=\"lazy\" decoding=\"async\" width=\"1024\" height=\"576\" src=\"https:\/\/etab.ac-reunion.fr\/lyc-saint-paul4\/wp-content\/uploads\/sites\/49\/2021\/04\/amphi-avec-Erika-et-Varinka-1024x576.jpg\" alt=\"\" data-id=\"2978\" data-full-url=\"https:\/\/etab.ac-reunion.fr\/lyc-saint-paul4\/wp-content\/uploads\/sites\/49\/2021\/04\/amphi-avec-Erika-et-Varinka-scaled.jpg\" data-link=\"https:\/\/etab.ac-reunion.fr\/lyc-saint-paul4\/une-semaine-citoyenne-spatiale\/amphi-avec-erika-et-varinka\/\" class=\"wp-image-2978\" srcset=\"https:\/\/etab.ac-reunion.fr\/lyc-saint-paul4\/wp-content\/uploads\/sites\/49\/2021\/04\/amphi-avec-Erika-et-Varinka-1024x576.jpg 1024w, https:\/\/etab.ac-reunion.fr\/lyc-saint-paul4\/wp-content\/uploads\/sites\/49\/2021\/04\/amphi-avec-Erika-et-Varinka-300x169.jpg 300w, https:\/\/etab.ac-reunion.fr\/lyc-saint-paul4\/wp-content\/uploads\/sites\/49\/2021\/04\/amphi-avec-Erika-et-Varinka-768x432.jpg 768w, https:\/\/etab.ac-reunion.fr\/lyc-saint-paul4\/wp-content\/uploads\/sites\/49\/2021\/04\/amphi-avec-Erika-et-Varinka-1536x864.jpg 1536w, https:\/\/etab.ac-reunion.fr\/lyc-saint-paul4\/wp-content\/uploads\/sites\/49\/2021\/04\/amphi-avec-Erika-et-Varinka-2048x1152.jpg 2048w, https:\/\/etab.ac-reunion.fr\/lyc-saint-paul4\/wp-content\/uploads\/sites\/49\/2021\/04\/amphi-avec-Erika-et-Varinka-95x54.jpg 95w\" sizes=\"auto, (max-width: 1024px) 100vw, 1024px\" \/><\/figure><\/li><li class=\"blocks-gallery-item\"><figure><img loading=\"lazy\" decoding=\"async\" width=\"576\" height=\"1024\" src=\"https:\/\/etab.ac-reunion.fr\/lyc-saint-paul4\/wp-content\/uploads\/sites\/49\/2021\/04\/ErikaVelio-et-Varinka-Ponamalejpg-576x1024.jpg\" alt=\"\" data-id=\"2979\" data-full-url=\"https:\/\/etab.ac-reunion.fr\/lyc-saint-paul4\/wp-content\/uploads\/sites\/49\/2021\/04\/ErikaVelio-et-Varinka-Ponamalejpg-scaled.jpg\" data-link=\"https:\/\/etab.ac-reunion.fr\/lyc-saint-paul4\/une-semaine-citoyenne-spatiale\/erikavelio-et-varinka-ponamalejpg\/\" class=\"wp-image-2979\" srcset=\"https:\/\/etab.ac-reunion.fr\/lyc-saint-paul4\/wp-content\/uploads\/sites\/49\/2021\/04\/ErikaVelio-et-Varinka-Ponamalejpg-576x1024.jpg 576w, https:\/\/etab.ac-reunion.fr\/lyc-saint-paul4\/wp-content\/uploads\/sites\/49\/2021\/04\/ErikaVelio-et-Varinka-Ponamalejpg-169x300.jpg 169w, https:\/\/etab.ac-reunion.fr\/lyc-saint-paul4\/wp-content\/uploads\/sites\/49\/2021\/04\/ErikaVelio-et-Varinka-Ponamalejpg-768x1365.jpg 768w, https:\/\/etab.ac-reunion.fr\/lyc-saint-paul4\/wp-content\/uploads\/sites\/49\/2021\/04\/ErikaVelio-et-Varinka-Ponamalejpg-864x1536.jpg 864w, https:\/\/etab.ac-reunion.fr\/lyc-saint-paul4\/wp-content\/uploads\/sites\/49\/2021\/04\/ErikaVelio-et-Varinka-Ponamalejpg-1152x2048.jpg 1152w, https:\/\/etab.ac-reunion.fr\/lyc-saint-paul4\/wp-content\/uploads\/sites\/49\/2021\/04\/ErikaVelio-et-Varinka-Ponamalejpg-scaled.jpg 1440w\" sizes=\"auto, (max-width: 576px) 100vw, 576px\" \/><\/figure><\/li><\/ul><\/figure>\n\n\n\n<div class=\"wp-block-image\"><figure class=\"aligncenter size-large\"><a href=\"https:\/\/etab.ac-reunion.fr\/lyc-saint-paul4\/wp-content\/uploads\/sites\/49\/2021\/04\/TELEMAG.pdf\" target=\"_blank\" rel=\"noopener\"><img loading=\"lazy\" decoding=\"async\" width=\"634\" height=\"886\" src=\"https:\/\/etab.ac-reunion.fr\/lyc-saint-paul4\/wp-content\/uploads\/sites\/49\/2021\/04\/Telemag-semaine-citoyenne.jpg\" alt=\"\" class=\"wp-image-3027\" srcset=\"https:\/\/etab.ac-reunion.fr\/lyc-saint-paul4\/wp-content\/uploads\/sites\/49\/2021\/04\/Telemag-semaine-citoyenne.jpg 634w, https:\/\/etab.ac-reunion.fr\/lyc-saint-paul4\/wp-content\/uploads\/sites\/49\/2021\/04\/Telemag-semaine-citoyenne-215x300.jpg 215w\" sizes=\"auto, (max-width: 634px) 100vw, 634px\" \/><\/a><\/figure><\/div>\n\n\n\n<ul class=\"wp-block-list\"><li>Memento &#8211;&nbsp;<a href=\"https:\/\/www.memento.fr\/article_11-12-2020-semaine-citoyenne-au-lycee-saint-paul-iv-du-14-au-18-decembre\">https:\/\/www.memento.fr\/article_11-12-2020-semaine-citoyenne-au-lycee-saint-paul-iv-du-14-au-18-decembre<\/a><\/li><li>Domtom Actus &#8211;&nbsp;<a href=\"https:\/\/www.domtomactu.com\/2020\/12\/10\/la-semaine-citoyenne-au-lycee-saint-paul-iv-du-14-au-18-decembre\/\">https:\/\/www.domtomactu.com\/2020\/12\/10\/la-semaine-citoyenne-au-lycee-saint-paul-iv-du-14-au-18-decembre\/<\/a><\/li><li>Zinfos 974 &#8211;&nbsp;<a href=\"https:\/\/www.zinfos974.com\/Deux-ingenieures-en-aerospatiale-recues-par-la-Maire-de-Saint-Paul_a164505.html\">https:\/\/www.zinfos974.com\/Deux-ingenieures-en-aerospatiale-recues-par-la-Maire-de-Saint-Paul_a164505.html<\/a><\/li><\/ul>\n","protected":false},"excerpt":{"rendered":"<p>Dans le cadre de la semaine citoyenne du14 au 18 d\u00e9cembre 2020 au lyc\u00e9e, ont eu lieu des visioconf\u00e9rences sur les m\u00e9tiers du spatial. Pour en savoir plus : Memento &#8211;&nbsp;https:\/\/www.memento.fr\/article_11-12-2020-semaine-citoyenne-au-lycee-saint-paul-iv-du-14-au-18-decembre Domtom Actus &#8211;&nbsp;https:\/\/www.domtomactu.com\/2020\/12\/10\/la-semaine-citoyenne-au-lycee-saint-paul-iv-du-14-au-18-decembre\/ Zinfos 974 &#8211;&nbsp;https:\/\/www.zinfos974.com\/Deux-ingenieures-en-aerospatiale-recues-par-la-Maire-de-Saint-Paul_a164505.html<\/p>\n","protected":false},"author":15,"featured_media":2977,"comment_status":"closed","ping_status":"closed","sticky":false,"template":"","format":"standard","meta":{"footnotes":""},"categories":[2,55,3,111],"tags":[27,92,113,35],"class_list":["post-2966","post","type-post","status-publish","format-standard","has-post-thumbnail","hentry","category-actualites","category-biotechnologies","category-les-formations-postbac","category-informations-sur-lorientation","tag-biotechnologies","tag-bia","tag-parcours-avenir","tag-projet"],"_links":{"self":[{"href":"https:\/\/etab.ac-reunion.fr\/lyc-saint-paul4\/wp-json\/wp\/v2\/posts\/2966","targetHints":{"allow":["GET"]}}],"collection":[{"href":"https:\/\/etab.ac-reunion.fr\/lyc-saint-paul4\/wp-json\/wp\/v2\/posts"}],"about":[{"href":"https:\/\/etab.ac-reunion.fr\/lyc-saint-paul4\/wp-json\/wp\/v2\/types\/post"}],"author":[{"embeddable":true,"href":"https:\/\/etab.ac-reunion.fr\/lyc-saint-paul4\/wp-json\/wp\/v2\/users\/15"}],"replies":[{"embeddable":true,"href":"https:\/\/etab.ac-reunion.fr\/lyc-saint-paul4\/wp-json\/wp\/v2\/comments?post=2966"}],"version-history":[{"count":16,"href":"https:\/\/etab.ac-reunion.fr\/lyc-saint-paul4\/wp-json\/wp\/v2\/posts\/2966\/revisions"}],"predecessor-version":[{"id":3940,"href":"https:\/\/etab.ac-reunion.fr\/lyc-saint-paul4\/wp-json\/wp\/v2\/posts\/2966\/revisions\/3940"}],"wp:featuredmedia":[{"embeddable":true,"href":"https:\/\/etab.ac-reunion.fr\/lyc-saint-paul4\/wp-json\/wp\/v2\/media\/2977"}],"wp:attachment":[{"href":"https:\/\/etab.ac-reunion.fr\/lyc-saint-paul4\/wp-json\/wp\/v2\/media?parent=2966"}],"wp:term":[{"taxonomy":"category","embeddable":true,"href":"https:\/\/etab.ac-reunion.fr\/lyc-saint-paul4\/wp-json\/wp\/v2\/categories?post=2966"},{"taxonomy":"post_tag","embeddable":true,"href":"https:\/\/etab.ac-reunion.fr\/lyc-saint-paul4\/wp-json\/wp\/v2\/tags?post=2966"}],"curies":[{"name":"wp","href":"https:\/\/api.w.org\/{rel}","templated":true}]}}