{"id":3041,"date":"2021-06-01T13:44:03","date_gmt":"2021-06-01T10:44:03","guid":{"rendered":"http:\/\/lycee-stpaul4.ac-reunion.fr\/?p=3041"},"modified":"2021-08-13T19:52:48","modified_gmt":"2021-08-13T16:52:48","slug":"inscription-au-lycee-st-paul-4-annee-scolaire-2021-2022","status":"publish","type":"post","link":"https:\/\/etab.ac-reunion.fr\/lyc-saint-paul4\/inscription-au-lycee-st-paul-4-annee-scolaire-2021-2022\/","title":{"rendered":"Inscriptions au Lyc\u00e9e St Paul 4 &#8211; ann\u00e9e scolaire 2021-2022"},"content":{"rendered":"\n<div class=\"wp-block-image\"><figure class=\"aligncenter size-large is-resized\"><a href=\"https:\/\/etab.ac-reunion.fr\/lyc-saint-paul4\/wp-content\/uploads\/sites\/49\/2021\/06\/Teleservices-orentation-affectation.png\"><img decoding=\"async\" src=\"https:\/\/etab.ac-reunion.fr\/lyc-saint-paul4\/wp-content\/uploads\/sites\/49\/2021\/06\/Teleservices-orentation-affectation-edited.png\" alt=\"\" class=\"wp-image-3144\" width=\"1041\" srcset=\"https:\/\/etab.ac-reunion.fr\/lyc-saint-paul4\/wp-content\/uploads\/sites\/49\/2021\/06\/Teleservices-orentation-affectation-edited.png 713w, https:\/\/etab.ac-reunion.fr\/lyc-saint-paul4\/wp-content\/uploads\/sites\/49\/2021\/06\/Teleservices-orentation-affectation-edited-300x188.png 300w\" sizes=\"(max-width: 713px) 100vw, 713px\" \/><\/a><\/figure><\/div>\n\n\n\n<figure class=\"wp-block-pullquote\"><blockquote><p><strong>ATTENTION :<\/strong> <strong>Pour les entrants en 2de et Tle,<\/strong><\/p><p><strong>une T\u00e9l\u00e9inscription PREALABLE via Educonnect,<\/strong><\/p><p><strong>est obligatoire<\/strong><\/p><p><strong><span class=\"has-inline-color has-vivid-cyan-blue-color\"><a rel=\"noreferrer noopener\" href=\"https:\/\/etab.ac-reunion.fr\/lyc-saint-paul4\/wp-content\/uploads\/sites\/49\/2021\/06\/2021-flyer_inscription_lycee_educonnect.pdf\" target=\"_blank\">COMMENT TELEINSCRIRE MON ENFANT ?<\/a><\/span><\/strong> <\/p><p><strong>De quoi ai-je besoin pour ma <a rel=\"noreferrer noopener\" href=\"https:\/\/etab.ac-reunion.fr\/lyc-saint-paul4\/wp-content\/uploads\/sites\/49\/2021\/06\/2021-flyer_inscription_lycee_educonnect.pdf\" target=\"_blank\">d\u00e9marche en ligne<\/a> ?<\/strong><\/p><\/blockquote><\/figure>\n\n\n\n<h3 class=\"wp-block-heading\">Rappel : voir l&rsquo;article sur <a rel=\"noreferrer noopener\" href=\"https:\/\/etab.ac-reunion.fr\/lyc-saint-paul4\/acceder-a-metice-quand-on-est-parent-deleve\/\" target=\"_blank\"><span class=\"has-inline-color has-vivid-red-color\">Educonnect<\/span><\/a> pour la cr\u00e9ation ou l&rsquo;activation des comptes \u00ab\u00a0parents\u00a0\u00bb.<\/h3>\n\n\n\n<p><a rel=\"noreferrer noopener\" href=\"https:\/\/etab.ac-reunion.fr\/lyc-saint-paul4\/acceder-a-metice-quand-on-est-parent-deleve\/\" target=\"_blank\">https:\/\/etab.ac-reunion.fr\/lyc-saint-paul4\/acceder-a-metice-quand-on-est-parent-deleve\/<\/a><\/p>\n\n\n\n<figure class=\"wp-block-pullquote\"><blockquote><p><strong>De quoi ai-je besoin pour le dossier \u00ab\u00a0papier\u00a0\u00bb ?<\/strong><\/p><p>Celui-ci doit \u00eatre d\u00e9pos\u00e9 selon le planning ci dessous.<\/p><p>Chaque \u00e9l\u00e8ve doit \u00eatre pr\u00e9sent et accompagn\u00e9 d&rsquo;un parent ou responsable l\u00e9gal lors du d\u00e9p\u00f4t du dossier.<\/p><\/blockquote><\/figure>\n\n\n\n<figure class=\"wp-block-image size-large\"><a href=\"https:\/\/etab.ac-reunion.fr\/lyc-saint-paul4\/wp-content\/uploads\/sites\/49\/2021\/06\/2021-2022-inscriptions.jpg\" target=\"_blank\" rel=\"noopener\"><img loading=\"lazy\" decoding=\"async\" width=\"748\" height=\"328\" src=\"https:\/\/etab.ac-reunion.fr\/lyc-saint-paul4\/wp-content\/uploads\/sites\/49\/2021\/06\/2021-2022-inscriptions.jpg\" alt=\"\" class=\"wp-image-3052\" srcset=\"https:\/\/etab.ac-reunion.fr\/lyc-saint-paul4\/wp-content\/uploads\/sites\/49\/2021\/06\/2021-2022-inscriptions.jpg 748w, https:\/\/etab.ac-reunion.fr\/lyc-saint-paul4\/wp-content\/uploads\/sites\/49\/2021\/06\/2021-2022-inscriptions-300x132.jpg 300w\" sizes=\"auto, (max-width: 748px) 100vw, 748px\" \/><\/a><\/figure>\n\n\n\n<p><\/p>\n\n\n\n<p><\/p>\n\n\n\n<h2 class=\"wp-block-heading\">Pi\u00e8ces \u00e0 fournir pour TOUS\u00a0(aucune photocopie ne sera faite par l&rsquo;\u00e9tablissement) <\/h2>\n\n\n\n<ul class=\"wp-block-list\"><li>1 Photo d&rsquo;identit\u00e9 pour le carnet de liaison <\/li><li>1 Photocopie bulletin du 3\u00e8me trimestre <\/li><li>Photocopies de toutes les pages du livret de famille <\/li><li>Photocopie de l&rsquo;extrait de jugement de divorce donnant la garde de l&rsquo;enfant (en cas de parents divorc\u00e9s) <\/li><li>Carnet de sant\u00e9  <\/li><li><strong>ET pour les ETUDIANTS<\/strong> seulement : 1 Photocopie du relev\u00e9 de notes au BACCALAUR\u00c9AT<\/li><\/ul>\n\n\n\n<h2 class=\"wp-block-heading\">Pi\u00e8ces suppl\u00e9mentaires pour les boursiers ou en attente de bourses (\u00e9l\u00e8ves ou \u00e9tudiants) : <\/h2>\n\n\n\n<ul class=\"wp-block-list\"><li><strong>Pour les \u00e9l\u00e8ves de 3\u00e8me ayant fait une demande<\/strong> de bourse : accus\u00e9 de r\u00e9ception de d\u00e9p\u00f4t de dossier<\/li><li><strong>Pour ceux qui ont d\u00e9j\u00e0 leur bourse<\/strong> : notification de droits ouverts ou notification de bourses (document remis par l&rsquo;\u00e9tablissement d&rsquo;origine) <\/li><li><strong>Pour tous<\/strong> : un Relev\u00e9 d&rsquo;Identit\u00e9 Bancaire (IBAN) avec nom, pr\u00e9nom et classe de l&rsquo;\u00e9l\u00e8ve inscrits au dos <\/li><\/ul>\n\n\n\n<div class=\"wp-block-image\"><figure class=\"alignright size-large is-resized\"><img loading=\"lazy\" decoding=\"async\" src=\"https:\/\/etab.ac-reunion.fr\/lyc-saint-paul4\/wp-content\/uploads\/sites\/49\/2021\/06\/Logo-STPAUL-4.png\" alt=\"\" class=\"wp-image-3058\" width=\"74\" height=\"65\" \/><\/figure><\/div>\n\n\n\n<p class=\"has-text-align-right\">Notre num\u00e9ro de t\u00e9l\u00e9phone : Tel : 02 62 33 06 50<\/p>\n","protected":false},"excerpt":{"rendered":"<p>ATTENTION : Pour les entrants en 2de et Tle, une T\u00e9l\u00e9inscription PREALABLE via Educonnect, est obligatoire COMMENT TELEINSCRIRE MON ENFANT ? De quoi ai-je besoin pour ma d\u00e9marche en ligne ? Rappel : voir l&rsquo;article sur Educonnect pour la cr\u00e9ation ou l&rsquo;activation des comptes \u00ab\u00a0parents\u00a0\u00bb. https:\/\/etab.ac-reunion.fr\/lyc-saint-paul4\/acceder-a-metice-quand-on-est-parent-deleve\/ De quoi ai-je besoin pour le dossier \u00ab\u00a0papier\u00a0\u00bb ? [&hellip;]<\/p>\n","protected":false},"author":15,"featured_media":3058,"comment_status":"closed","ping_status":"closed","sticky":false,"template":"","format":"standard","meta":{"footnotes":""},"categories":[22,24,23,1],"tags":[],"class_list":["post-3041","post","type-post","status-publish","format-standard","has-post-thumbnail","hentry","category-enseignement-general","category-enseignement-professionel","category-enseignement-technologique","category-info-admin"],"_links":{"self":[{"href":"https:\/\/etab.ac-reunion.fr\/lyc-saint-paul4\/wp-json\/wp\/v2\/posts\/3041","targetHints":{"allow":["GET"]}}],"collection":[{"href":"https:\/\/etab.ac-reunion.fr\/lyc-saint-paul4\/wp-json\/wp\/v2\/posts"}],"about":[{"href":"https:\/\/etab.ac-reunion.fr\/lyc-saint-paul4\/wp-json\/wp\/v2\/types\/post"}],"author":[{"embeddable":true,"href":"https:\/\/etab.ac-reunion.fr\/lyc-saint-paul4\/wp-json\/wp\/v2\/users\/15"}],"replies":[{"embeddable":true,"href":"https:\/\/etab.ac-reunion.fr\/lyc-saint-paul4\/wp-json\/wp\/v2\/comments?post=3041"}],"version-history":[{"count":42,"href":"https:\/\/etab.ac-reunion.fr\/lyc-saint-paul4\/wp-json\/wp\/v2\/posts\/3041\/revisions"}],"predecessor-version":[{"id":3164,"href":"https:\/\/etab.ac-reunion.fr\/lyc-saint-paul4\/wp-json\/wp\/v2\/posts\/3041\/revisions\/3164"}],"wp:featuredmedia":[{"embeddable":true,"href":"https:\/\/etab.ac-reunion.fr\/lyc-saint-paul4\/wp-json\/wp\/v2\/media\/3058"}],"wp:attachment":[{"href":"https:\/\/etab.ac-reunion.fr\/lyc-saint-paul4\/wp-json\/wp\/v2\/media?parent=3041"}],"wp:term":[{"taxonomy":"category","embeddable":true,"href":"https:\/\/etab.ac-reunion.fr\/lyc-saint-paul4\/wp-json\/wp\/v2\/categories?post=3041"},{"taxonomy":"post_tag","embeddable":true,"href":"https:\/\/etab.ac-reunion.fr\/lyc-saint-paul4\/wp-json\/wp\/v2\/tags?post=3041"}],"curies":[{"name":"wp","href":"https:\/\/api.w.org\/{rel}","templated":true}]}}