{"id":3133,"date":"2020-10-01T10:03:00","date_gmt":"2020-10-01T07:03:00","guid":{"rendered":"http:\/\/lycee-stpaul4.ac-reunion.fr\/?p=3133"},"modified":"2025-04-08T14:54:59","modified_gmt":"2025-04-08T11:54:59","slug":"erasmus-day-et-ses-decouvertes","status":"publish","type":"post","link":"https:\/\/etab.ac-reunion.fr\/lyc-saint-paul4\/erasmus-day-et-ses-decouvertes\/","title":{"rendered":"ERASMUS DAY et ses d\u00e9couvertes."},"content":{"rendered":"\n<blockquote class=\"wp-block-quote is-layout-flow wp-block-quote-is-layout-flow\"><p>Une matin\u00e9e plac\u00e9e sous le signe des d\u00e9couvertes : d\u00e9couvertes d\u2019autres cultures dans le cadre de la journ\u00e9e Erasmuday et des d\u00e9couvertes gastronomiques avec le partage d&rsquo;un petit-d\u00e9jeuner anglais r\u00e9put\u00e9 tr\u00e8s complet. C\u2019\u00e9tait un \u00e9v\u00e9nement qui avait du c\u0153ur et mettait en avant de la convivialit\u00e9, de la pratique linguistique, de l\u2019app\u00e9tit aupr\u00e8s des \u00e9l\u00e8ves pr\u00e9sents. <\/p><p>Cette exp\u00e9rience nous est d\u2019ailleurs tr\u00e8s bien pr\u00e9sent\u00e9e dans l\u2019article de Ma\u00eblle BASSONVILLE ci dessous : <\/p><\/blockquote>\n\n\n\n<p>&nbsp;\u00ab&nbsp;<strong>Le jeudi 26 novembre 2020<\/strong> nous avons eu l\u2019occasion de c\u00e9l\u00e9brer <strong>\u201cERASMUS DAY\u201d au lyc\u00e9e de Saint-Paul IV<\/strong>. Ce jour a \u00e9t\u00e9 consacr\u00e9 \u00e0 toutes les langues plus principalement \u00e0 l\u2019anglais et l\u2019espagnol. Nous avions eu que 3 semaines pour pr\u00e9parer cette action afin de faire plaisir aux \u00e9l\u00e8ves en ce jour. Pour cela notre classe de 2nde Bio-Industries de transformation s\u2019est r\u00e9partie en plusieurs petits groupes de 4 \u00e9tudiants avec une t\u00e2che bien pr\u00e9cise \u00e0 effectuer lors de l\u2019\u00e9v\u00e8nement pour leur faire d\u00e9couvrir ce qu\u2019est un petit d\u00e9jeuner en Angleterre.&nbsp;&nbsp;&nbsp;<\/p>\n\n\n\n<figure class=\"wp-block-image size-large\"><img loading=\"lazy\" decoding=\"async\" width=\"1024\" height=\"576\" src=\"https:\/\/etab.ac-reunion.fr\/lyc-saint-paul4\/wp-content\/uploads\/sites\/49\/2021\/06\/ERASMUSDAY1-1024x576.jpg\" alt=\"\" class=\"wp-image-3195\" srcset=\"https:\/\/etab.ac-reunion.fr\/lyc-saint-paul4\/wp-content\/uploads\/sites\/49\/2021\/06\/ERASMUSDAY1-1024x576.jpg 1024w, https:\/\/etab.ac-reunion.fr\/lyc-saint-paul4\/wp-content\/uploads\/sites\/49\/2021\/06\/ERASMUSDAY1-300x169.jpg 300w, https:\/\/etab.ac-reunion.fr\/lyc-saint-paul4\/wp-content\/uploads\/sites\/49\/2021\/06\/ERASMUSDAY1-768x432.jpg 768w, https:\/\/etab.ac-reunion.fr\/lyc-saint-paul4\/wp-content\/uploads\/sites\/49\/2021\/06\/ERASMUSDAY1-1536x864.jpg 1536w, https:\/\/etab.ac-reunion.fr\/lyc-saint-paul4\/wp-content\/uploads\/sites\/49\/2021\/06\/ERASMUSDAY1-95x54.jpg 95w, https:\/\/etab.ac-reunion.fr\/lyc-saint-paul4\/wp-content\/uploads\/sites\/49\/2021\/06\/ERASMUSDAY1.jpg 1920w\" sizes=\"auto, (max-width: 1024px) 100vw, 1024px\" \/><\/figure>\n\n\n\n<p>Malheureusement par rapport \u00e0 la crise sanitaire l\u2019\u00e9v\u00e8nement n\u2019a dur\u00e9 qu\u2019une demi-journ\u00e9e au r\u00e9fectoire du lyc\u00e9e de 8h30 \u00e0 10h30. Durant cette matin\u00e9e plusieurs classes ont \u00e9t\u00e9 accueillies pour prendre un petit d\u00e9jeuner anglais ; les classes de 1ST2S2, 2PCEPC, AQE2 et les SP3S1&nbsp;&nbsp;&nbsp;&nbsp;&nbsp;&nbsp;&nbsp;&nbsp;&nbsp;&nbsp;&nbsp;&nbsp;&nbsp;&nbsp;&nbsp;&nbsp;&nbsp;&nbsp;&nbsp;&nbsp;&nbsp;&nbsp;&nbsp;&nbsp;&nbsp;&nbsp;&nbsp;&nbsp;&nbsp;&nbsp;&nbsp;&nbsp;&nbsp;&nbsp;&nbsp;&nbsp;&nbsp;&nbsp;&nbsp;&nbsp;&nbsp;&nbsp;&nbsp;&nbsp;&nbsp;&nbsp;&nbsp;&nbsp;&nbsp;&nbsp;&nbsp;&nbsp;&nbsp;&nbsp;&nbsp;&nbsp;&nbsp;&nbsp;&nbsp;&nbsp;&nbsp;&nbsp;&nbsp;<\/p>\n\n\n\n<div class=\"wp-block-image\"><figure class=\"alignright size-large is-resized\"><img loading=\"lazy\" decoding=\"async\" src=\"https:\/\/etab.ac-reunion.fr\/lyc-saint-paul4\/wp-content\/uploads\/sites\/49\/2021\/06\/ERASMUSDAY-BASSONVILLE-Maelle-724x1024.jpg\" alt=\"\" class=\"wp-image-3198\" width=\"240\" height=\"341\" \/><\/figure><\/div>\n\n\n\n<p>&nbsp;L\u2019organisation de cette journ\u00e9e avec les petits groupes de 4 s\u2019est faite ainsi :&nbsp;&nbsp;&nbsp;&nbsp;<\/p>\n\n\n\n<ul class=\"wp-block-list\"><li>L\u2019accueil des classes qui ont \u00e9t\u00e9 inscrites.&nbsp;<\/li><li>La pr\u00e9sentation de l\u2019action et la pr\u00e9sentation de notre classe tout en remerciant le proviseur de nous avoir donn\u00e9 cette occasion.&nbsp;&nbsp;&nbsp;&nbsp;&nbsp;&nbsp;&nbsp;&nbsp;&nbsp;&nbsp;&nbsp;&nbsp;&nbsp;&nbsp;&nbsp;&nbsp;&nbsp;&nbsp;&nbsp;&nbsp;&nbsp;&nbsp;&nbsp;&nbsp;&nbsp;&nbsp;&nbsp;&nbsp;&nbsp;&nbsp;&nbsp;&nbsp;<\/li><li>La pr\u00e9sentation de la composition du petit-d\u00e9jeuner&nbsp;&nbsp;&nbsp;&nbsp;&nbsp;&nbsp;&nbsp;&nbsp;&nbsp;&nbsp;&nbsp;&nbsp;&nbsp;&nbsp;&nbsp;&nbsp;&nbsp;&nbsp;&nbsp;&nbsp;&nbsp;&nbsp;&nbsp;&nbsp;&nbsp;&nbsp;&nbsp;&nbsp;&nbsp;&nbsp;&nbsp;&nbsp;&nbsp;&nbsp;&nbsp;&nbsp;&nbsp;&nbsp;&nbsp;&nbsp;&nbsp;&nbsp;&nbsp;&nbsp;&nbsp;&nbsp;&nbsp;&nbsp;&nbsp;&nbsp;&nbsp;&nbsp;&nbsp;&nbsp;&nbsp;&nbsp;&nbsp;<\/li><li>L\u2019invitation aux \u00e9tudiants \u00e0 se servir&nbsp;&nbsp;&nbsp;&nbsp;&nbsp;&nbsp;&nbsp;&nbsp;&nbsp;&nbsp;&nbsp;&nbsp;&nbsp;&nbsp;&nbsp;&nbsp;&nbsp;&nbsp;&nbsp;&nbsp;&nbsp;&nbsp;&nbsp;&nbsp;&nbsp;&nbsp;&nbsp;&nbsp;&nbsp;&nbsp;&nbsp;&nbsp;&nbsp;&nbsp;&nbsp;&nbsp;&nbsp;&nbsp;&nbsp;&nbsp;&nbsp;&nbsp; &nbsp;&nbsp;&nbsp;&nbsp;&nbsp;&nbsp;&nbsp;&nbsp;&nbsp;&nbsp;&nbsp;&nbsp;&nbsp;&nbsp;&nbsp;&nbsp;&nbsp;&nbsp;&nbsp;&nbsp;&nbsp;&nbsp;&nbsp;&nbsp;&nbsp;&nbsp;&nbsp;&nbsp;&nbsp;&nbsp;&nbsp;&nbsp;<\/li><li>La fin du petit d\u00e9jeuner c&rsquo;est \u00e0 dire la \u201cprise de cong\u00e9 \u201d<\/li><\/ul>\n\n\n\n<p>Cet \u00e9v\u00e8nement nous a permis de communiquer avec eux en anglais mais aussi de passer une bonne matin\u00e9e en nous amusant<\/p>\n\n\n\n<p>Ce petit d\u00e9jeuner a \u00e9t\u00e9 victime de son succ\u00e8s, sinon tout s\u2019est d\u00e9roul\u00e9 comme pr\u00e9vu.&nbsp;&nbsp;&nbsp;&nbsp;&nbsp;&nbsp;&nbsp;&nbsp;&nbsp;&nbsp;&nbsp;&nbsp;&nbsp;&nbsp;<\/p>\n\n\n\n<figure class=\"wp-block-image size-large\"><img loading=\"lazy\" decoding=\"async\" width=\"1024\" height=\"576\" src=\"https:\/\/etab.ac-reunion.fr\/lyc-saint-paul4\/wp-content\/uploads\/sites\/49\/2021\/06\/ERASMUSDAY2-1024x576.jpg\" alt=\"\" class=\"wp-image-3197\" srcset=\"https:\/\/etab.ac-reunion.fr\/lyc-saint-paul4\/wp-content\/uploads\/sites\/49\/2021\/06\/ERASMUSDAY2-1024x576.jpg 1024w, https:\/\/etab.ac-reunion.fr\/lyc-saint-paul4\/wp-content\/uploads\/sites\/49\/2021\/06\/ERASMUSDAY2-300x169.jpg 300w, https:\/\/etab.ac-reunion.fr\/lyc-saint-paul4\/wp-content\/uploads\/sites\/49\/2021\/06\/ERASMUSDAY2-768x432.jpg 768w, https:\/\/etab.ac-reunion.fr\/lyc-saint-paul4\/wp-content\/uploads\/sites\/49\/2021\/06\/ERASMUSDAY2-1536x864.jpg 1536w, https:\/\/etab.ac-reunion.fr\/lyc-saint-paul4\/wp-content\/uploads\/sites\/49\/2021\/06\/ERASMUSDAY2-95x54.jpg 95w, https:\/\/etab.ac-reunion.fr\/lyc-saint-paul4\/wp-content\/uploads\/sites\/49\/2021\/06\/ERASMUSDAY2.jpg 1920w\" sizes=\"auto, (max-width: 1024px) 100vw, 1024px\" \/><\/figure>\n\n\n\n<p>Nous souhaiterions remercier <strong>Mme MARIE-FRAN<\/strong>\u00c7<strong>OISE, <\/strong>notre professeur d\u2019anglais de nous avoir propos\u00e9 de faire ce <strong>petit d\u00e9jeuner<\/strong> lors de la matin\u00e9e d\u2019ERASMUS DAY \u00e9galement <strong>Mme HALLER,<\/strong> notre professeur d\u2019Arts Appliqu\u00e9s qui nous a fait faire <strong>des affiches<\/strong> pour illustrer cette action, c\u2019\u00e9tait \u00e0 la demande de notre professeur d\u2019anglais.<\/p>\n\n\n\n<p>Des <strong>marques pages<\/strong> ont \u00e9t\u00e9 aussi cr\u00e9\u00e9s, et ils ont \u00e9t\u00e9 distribu\u00e9s \u00e0 chaque \u00e9l\u00e8ve \u00e0 la fin comme un petit souvenir de cette journ\u00e9e.&nbsp;\u00bb<\/p>\n\n\n\n<div class=\"wp-block-columns are-vertically-aligned-center is-layout-flex wp-container-core-columns-is-layout-9d6595d7 wp-block-columns-is-layout-flex\">\n<div class=\"wp-block-column is-vertically-aligned-center is-layout-flow wp-block-column-is-layout-flow\" style=\"flex-basis:100%\">\n<div class=\"wp-block-group\"><div class=\"wp-block-group__inner-container is-layout-flow wp-block-group-is-layout-flow\">\n<p>\u00ab\u00a0On Thursday 26 November 2020 we had the opportunity to celebrate \u00ab\u00a0ERASMUS DAY\u00a0\u00bb at St. Paul IV High School. This day was dedicated to all languages, and mainly English and Spanish. We had only 3 weeks to prepare this action in order to please the students on that day. For this purpose, our class : year 1 of Vocational High School Diploma in Bio Industrial Process Technology (2BIT) was divided into several small groups of 4 students with a very precise task to carry out during the event to make them discover what&nbsp; breakfast is like in England.&nbsp;&nbsp;&nbsp;<\/p>\n\n\n\n<p>Unfortunately, due to the health crisis, the event only lasted half a day in the school canteen from 8.30 a.m to 10.30.a.m.<\/p>\n\n\n\n<p>&nbsp;During this morning several classes were welcomed to have an English breakfast; that is to say the classes of 1ST2S2, 2PCEPC, AQE2 and SP3S1.<\/p>\n\n\n\n<p>&nbsp;The organisation of this day with the small groups of 4 was done as follows:&nbsp;&nbsp;&nbsp;&nbsp;<\/p>\n\n\n\n<ul class=\"wp-block-list\"><li>The reception of the classes that were registered.&nbsp;&nbsp;&nbsp;&nbsp;&nbsp;&nbsp;&nbsp;&nbsp;&nbsp;&nbsp;&nbsp;&nbsp;&nbsp;&nbsp;&nbsp;&nbsp;&nbsp;&nbsp;&nbsp;&nbsp;&nbsp;&nbsp;&nbsp;&nbsp;&nbsp;&nbsp;&nbsp;&nbsp;&nbsp;&nbsp;&nbsp;&nbsp;&nbsp;&nbsp;&nbsp;&nbsp;&nbsp;&nbsp;&nbsp;&nbsp;&nbsp;&nbsp;&nbsp;&nbsp;&nbsp;&nbsp;&nbsp;&nbsp;&nbsp;&nbsp;&nbsp;&nbsp;&nbsp;&nbsp;&nbsp;&nbsp;&nbsp;&nbsp;&nbsp;&nbsp;&nbsp;&nbsp;&nbsp;&nbsp;&nbsp;&nbsp;&nbsp;&nbsp;&nbsp;&nbsp;&nbsp;&nbsp;&nbsp;&nbsp;&nbsp;&nbsp;&nbsp;<\/li><li>The presentation of the action and the presentation of our class while thanking the principal for having given us this opportunity.&nbsp;&nbsp;&nbsp;&nbsp;&nbsp;&nbsp;&nbsp;&nbsp;&nbsp;&nbsp;&nbsp;&nbsp;&nbsp;&nbsp;&nbsp;&nbsp;&nbsp;&nbsp;&nbsp;&nbsp;&nbsp;&nbsp;&nbsp;&nbsp;&nbsp;&nbsp;&nbsp;&nbsp;&nbsp;&nbsp;&nbsp;&nbsp;<\/li><li>Presentation of the composition of the breakfast&nbsp;&nbsp;&nbsp;&nbsp;&nbsp;&nbsp;&nbsp;&nbsp;&nbsp;&nbsp;&nbsp;&nbsp;&nbsp;&nbsp;&nbsp;&nbsp;&nbsp;&nbsp;&nbsp;&nbsp;&nbsp;&nbsp;&nbsp;&nbsp;&nbsp;&nbsp;&nbsp;&nbsp;&nbsp;&nbsp;&nbsp;&nbsp;&nbsp;&nbsp;&nbsp;&nbsp;&nbsp;&nbsp;&nbsp;&nbsp;&nbsp;&nbsp;&nbsp;&nbsp;&nbsp;&nbsp;&nbsp;&nbsp;&nbsp;&nbsp;&nbsp;&nbsp;&nbsp;&nbsp;&nbsp;&nbsp;&nbsp;<\/li><li>The invitation to the students to help themselves and at the end of the breakfast with the leave-taking&nbsp;&nbsp;&nbsp;&nbsp;&nbsp;&nbsp;&nbsp; &nbsp;&nbsp;&nbsp;&nbsp;&nbsp;&nbsp;&nbsp;&nbsp;&nbsp;&nbsp;&nbsp;&nbsp;&nbsp;&nbsp;&nbsp;&nbsp;&nbsp;&nbsp;&nbsp;&nbsp;&nbsp;&nbsp;&nbsp;&nbsp;&nbsp;&nbsp;&nbsp;&nbsp;&nbsp;&nbsp;&nbsp;&nbsp;&nbsp;&nbsp;&nbsp;&nbsp;&nbsp;&nbsp;&nbsp;&nbsp;&nbsp;&nbsp;&nbsp;&nbsp;&nbsp;&nbsp;&nbsp;&nbsp;&nbsp;&nbsp;&nbsp;&nbsp;&nbsp;&nbsp;&nbsp;&nbsp;&nbsp;&nbsp;&nbsp;&nbsp;&nbsp;&nbsp;&nbsp;&nbsp;<\/li><\/ul>\n\n\n\n<p>This event allowed us to communicate with them in English but also to spend a good morning having fun.<\/p>\n\n\n\n<p>The breakfast was a victim of its own success &#8211; otherwise everything went as planned.<\/p>\n\n\n\n<p>We would like to thank Mrs. MARIE-FRAN\u00c7OISE, our English teacher, for offering us the opportunity to do this action on ERASMUS DAY and also Mrs. HALLER, our Applied Arts teacher who had us make posters to illustrate that day. It was at the request&nbsp; of our English teacher.<\/p>\n\n\n\n<p>Bookmarks were also created and distributed to each student at the end, as a little souvenir of that day!\u201c<\/p>\n<\/div><\/div>\n<\/div>\n<\/div>\n\n\n\n<p class=\"has-text-align-right\"><em>Textes r\u00e9dig\u00e9s par BASSONVILLE Maelle de 2nd Bac Pro Bio Industrie Transformation &#8211; ERASMUS DAY<\/em><br><\/p>\n","protected":false},"excerpt":{"rendered":"<p>Une matin\u00e9e plac\u00e9e sous le signe des d\u00e9couvertes : d\u00e9couvertes d\u2019autres cultures dans le cadre de la journ\u00e9e Erasmuday et des d\u00e9couvertes gastronomiques avec le partage d&rsquo;un petit-d\u00e9jeuner anglais r\u00e9put\u00e9 tr\u00e8s complet. C\u2019\u00e9tait un \u00e9v\u00e9nement qui avait du c\u0153ur et mettait en avant de la convivialit\u00e9, de la pratique linguistique, de l\u2019app\u00e9tit aupr\u00e8s des \u00e9l\u00e8ves [&hellip;]<\/p>\n","protected":false},"author":15,"featured_media":0,"comment_status":"closed","ping_status":"closed","sticky":false,"template":"","format":"standard","meta":{"footnotes":""},"categories":[103,31,21,55,24,6],"tags":[102,46,30,18],"class_list":["post-3133","post","type-post","status-publish","format-standard","hentry","category-anglais","category-enseignement-professionnel","category-arts-appliques","category-biotechnologies","category-enseignement-professionel","category-erasmus","tag-anglais","tag-arts","tag-pipac","tag-union-europeenne"],"_links":{"self":[{"href":"https:\/\/etab.ac-reunion.fr\/lyc-saint-paul4\/wp-json\/wp\/v2\/posts\/3133","targetHints":{"allow":["GET"]}}],"collection":[{"href":"https:\/\/etab.ac-reunion.fr\/lyc-saint-paul4\/wp-json\/wp\/v2\/posts"}],"about":[{"href":"https:\/\/etab.ac-reunion.fr\/lyc-saint-paul4\/wp-json\/wp\/v2\/types\/post"}],"author":[{"embeddable":true,"href":"https:\/\/etab.ac-reunion.fr\/lyc-saint-paul4\/wp-json\/wp\/v2\/users\/15"}],"replies":[{"embeddable":true,"href":"https:\/\/etab.ac-reunion.fr\/lyc-saint-paul4\/wp-json\/wp\/v2\/comments?post=3133"}],"version-history":[{"count":5,"href":"https:\/\/etab.ac-reunion.fr\/lyc-saint-paul4\/wp-json\/wp\/v2\/posts\/3133\/revisions"}],"predecessor-version":[{"id":3208,"href":"https:\/\/etab.ac-reunion.fr\/lyc-saint-paul4\/wp-json\/wp\/v2\/posts\/3133\/revisions\/3208"}],"wp:attachment":[{"href":"https:\/\/etab.ac-reunion.fr\/lyc-saint-paul4\/wp-json\/wp\/v2\/media?parent=3133"}],"wp:term":[{"taxonomy":"category","embeddable":true,"href":"https:\/\/etab.ac-reunion.fr\/lyc-saint-paul4\/wp-json\/wp\/v2\/categories?post=3133"},{"taxonomy":"post_tag","embeddable":true,"href":"https:\/\/etab.ac-reunion.fr\/lyc-saint-paul4\/wp-json\/wp\/v2\/tags?post=3133"}],"curies":[{"name":"wp","href":"https:\/\/api.w.org\/{rel}","templated":true}]}}