{"id":3194,"date":"2021-08-13T19:45:40","date_gmt":"2021-08-13T16:45:40","guid":{"rendered":"http:\/\/lycee-stpaul4.ac-reunion.fr\/?p=3194"},"modified":"2021-08-26T11:30:29","modified_gmt":"2021-08-26T08:30:29","slug":"cest-la-rentree","status":"publish","type":"post","link":"https:\/\/etab.ac-reunion.fr\/lyc-saint-paul4\/cest-la-rentree\/","title":{"rendered":"C&rsquo;est la rentr\u00e9e !"},"content":{"rendered":"\n<div class=\"wp-block-image\"><figure class=\"alignright size-large\"><img loading=\"lazy\" decoding=\"async\" width=\"259\" height=\"194\" src=\"https:\/\/etab.ac-reunion.fr\/lyc-saint-paul4\/wp-content\/uploads\/sites\/49\/2021\/08\/rentree.jpg\" alt=\"\" class=\"wp-image-3218\" \/><\/figure><\/div>\n\n\n\n<p>Pour cette nouvelle rentr\u00e9e scolaire 2021-2022, l&rsquo;accueil des \u00e9l\u00e8ves se fera comme suit :<br><br>LUNDI 16 AOUT 2021 <br> <br>7h30 : Accueil de toutes les SECONDES + CAP AQE1 + 2BIT + 2PCEPC <br>10h30 : D\u00e9but des cours des \u00e9l\u00e8ves de toutes les 2ndes + CAP AQE1 selon leur emploi du temps <\/p>\n\n\n\n<p>13h30 : Accueil des BTS <br>14h30 : D\u00e9but des cours pour les BTS <\/p>\n\n\n\n<p>  <br>******************************* <br>Demi-pension :  A  compter  du  lundi  16  ao\u00fbt  2021  \u00e0  11h30  puis  selon  les  horaires  habituels  \u00e0  compter  du mardi 17 ao\u00fbt 2021 <br>Internat :  Accueil de tous les internes le lundi 16 ao\u00fbt 2021 \u00e0 17h30 avec les parents. <br>Bus :  Programm\u00e9s d\u00e8s le 16 ao\u00fbt aux horaires habituels le matin, et \u00e0 17h35 le soir <\/p>\n\n\n\n<p>*******************************<br><br>MARDI 17 AOUT 2021 <br> <br>7h30 : Cours (selon leurs emplois du temps) pour les secondes + 2BIT + 2PCEPC + CAP AQE1 + BTS <\/p>\n\n\n\n<p>7h30 : Accueil  des  premi\u00e8res  et  terminales  g\u00e9n\u00e9rales,  technologiques  et  professionnelles  +  CAP <br>AQE2  <\/p>\n\n\n\n<p>9h30 : D\u00e9but des  cours pour toutes les premi\u00e8res et terminales + CAP AQE2 suivant leur emploi du temps.<\/p>\n","protected":false},"excerpt":{"rendered":"<p>Pour cette nouvelle rentr\u00e9e scolaire 2021-2022, l&rsquo;accueil des \u00e9l\u00e8ves se fera comme suit : LUNDI 16 AOUT 2021 7h30 : Accueil de toutes les SECONDES + CAP AQE1 + 2BIT + 2PCEPC 10h30 : D\u00e9but des cours des \u00e9l\u00e8ves de toutes les 2ndes + CAP AQE1 selon leur emploi du temps 13h30 : Accueil des [&hellip;]<\/p>\n","protected":false},"author":15,"featured_media":0,"comment_status":"closed","ping_status":"closed","sticky":false,"template":"","format":"standard","meta":{"footnotes":""},"categories":[22,24,23,1],"tags":[],"class_list":["post-3194","post","type-post","status-publish","format-standard","hentry","category-enseignement-general","category-enseignement-professionel","category-enseignement-technologique","category-info-admin"],"_links":{"self":[{"href":"https:\/\/etab.ac-reunion.fr\/lyc-saint-paul4\/wp-json\/wp\/v2\/posts\/3194","targetHints":{"allow":["GET"]}}],"collection":[{"href":"https:\/\/etab.ac-reunion.fr\/lyc-saint-paul4\/wp-json\/wp\/v2\/posts"}],"about":[{"href":"https:\/\/etab.ac-reunion.fr\/lyc-saint-paul4\/wp-json\/wp\/v2\/types\/post"}],"author":[{"embeddable":true,"href":"https:\/\/etab.ac-reunion.fr\/lyc-saint-paul4\/wp-json\/wp\/v2\/users\/15"}],"replies":[{"embeddable":true,"href":"https:\/\/etab.ac-reunion.fr\/lyc-saint-paul4\/wp-json\/wp\/v2\/comments?post=3194"}],"version-history":[{"count":5,"href":"https:\/\/etab.ac-reunion.fr\/lyc-saint-paul4\/wp-json\/wp\/v2\/posts\/3194\/revisions"}],"predecessor-version":[{"id":3222,"href":"https:\/\/etab.ac-reunion.fr\/lyc-saint-paul4\/wp-json\/wp\/v2\/posts\/3194\/revisions\/3222"}],"wp:attachment":[{"href":"https:\/\/etab.ac-reunion.fr\/lyc-saint-paul4\/wp-json\/wp\/v2\/media?parent=3194"}],"wp:term":[{"taxonomy":"category","embeddable":true,"href":"https:\/\/etab.ac-reunion.fr\/lyc-saint-paul4\/wp-json\/wp\/v2\/categories?post=3194"},{"taxonomy":"post_tag","embeddable":true,"href":"https:\/\/etab.ac-reunion.fr\/lyc-saint-paul4\/wp-json\/wp\/v2\/tags?post=3194"}],"curies":[{"name":"wp","href":"https:\/\/api.w.org\/{rel}","templated":true}]}}